{"id":122497,"date":"2018-10-11T21:00:50","date_gmt":"2018-10-12T00:00:50","guid":{"rendered":"https:\/\/diarioregionaldigital.com.br\/?p=122497"},"modified":"2018-10-11T21:00:42","modified_gmt":"2018-10-12T00:00:42","slug":"numero-de-taxis-adaptados-para-deficientes-ainda-e-considerado-insuficiente-no-pais","status":"publish","type":"post","link":"https:\/\/diarioregionaldigital.com.br\/?p=122497","title":{"rendered":"N\u00famero de t\u00e1xis adaptados para deficientes ainda \u00e9 considerado insuficiente no pa\u00eds"},"content":{"rendered":"<p>Quase 24% da popula\u00e7\u00e3o brasileira \u00e9 composta por pessoas que possuem algum tipo de defici\u00eancia. \u00c9 o que aponta o Censo de 2016 realizado pelo Instituto Brasileiro de Geografia e Estat\u00edstica, no qual o Brasil possui cerca de 45 milh\u00f5es de Pessoas com Defici\u00eancia (PCD\u2019s).<\/p>\n<p>O Estatuto da Pessoa com Defici\u00eancia, Lei Brasileira de Inclus\u00e3o (<a href=\"http:\/\/legislacao.planalto.gov.br\/legisla\/legislacao.nsf\/Viw_Identificacao\/lei%2013.146-2015?OpenDocument\">LEI N\u00ba 13.146<\/a>) em vigor desde 2016, garante uma s\u00e9rie de direitos relacionados \u00e0 acessibilidade, \u00e0 educa\u00e7\u00e3o e \u00e0 sa\u00fade, al\u00e9m de estabelecer puni\u00e7\u00f5es para atitudes discriminat\u00f3rias. Entre os pontos da lei, est\u00e1 a\u00a0mobilidade urbana, o que inclui os t\u00e1xis adaptados, e a qual determina que os munic\u00edpios brasileiros tenham uma frota de t\u00e1xis adaptada de, no m\u00ednimo, 10% dos ve\u00edculos, proibindo tarifas diferenciadas e autorizando o poder p\u00fablico de oferecer incentivos fiscais para a forma\u00e7\u00e3o desta frota.<\/p>\n<p>T\u00e1xis adaptados s\u00e3o ve\u00edculos com altera\u00e7\u00f5es na sua estrutura para receber pessoas com defici\u00eancia, de\u00a0mobilidade reduzida\u00a0e dificuldade de locomo\u00e7\u00e3o, al\u00e9m de pessoas idosas. Essas modifica\u00e7\u00f5es garantem a autonomia do usu\u00e1rio, que n\u00e3o precisa sair da cadeira de rodas, sua seguran\u00e7a, pois possuem travas e barras de apoio, al\u00e9m de conforto, com teto e portas altas.<\/p>\n<p>Felipe de Souza Lima, 27 anos, \u00e9 professor de Educa\u00e7\u00e3o F\u00edsica, morador de Juiz de Fora e cadeirante desde que nasceu. Ele conta que j\u00e1 passou por situa\u00e7\u00f5es de desconforto ao tentar utilizar um t\u00e1xi adaptado. \u201c\u00c0s vezes, o motorista n\u00e3o sabe mexer no equipamento ou n\u00e3o tem paci\u00eancia, em outras at\u00e9 recusa a levar um cadeirante por n\u00e3o saber mexer. Alguns falam que \u2018est\u00e1 estragado\u2019, dando alguma desculpa nesse sentido\u201d, relata. Para o professor, alguns taxistas que trabalham com t\u00e1xis adaptados n\u00e3o est\u00e3o preparados para exercer essa fun\u00e7\u00e3o, sendo esse um ponto importante para a melhoria do servi\u00e7o. \u201c\u00c9 importante preparar as pessoas para dirigir esses carros. N\u00e3o adianta s\u00f3 saber dirigir, o motorista tem que estar preparado para manusear o equipamento adaptado e tamb\u00e9m saber como conduzir e tratar o cadeirante.Tem que ser uma pessoa que esteja preparada n\u00e3o s\u00f3 para usar o equipamento, mas para tratar o passageiro de forma mais educada\u201d, disse.<\/p>\n<p>De acordo com Jos\u00e9 Moreira de Paula, Presidente do Sindicato dos Taxistas de Juiz de Fora e Diretor da Associa\u00e7\u00e3o dos Taxistas, em Juiz de Fora, h\u00e1 60 carros adaptados, dos 650 t\u00e1xis.\u201cN\u00f3s conseguimos suprir a demanda pelo servi\u00e7o\u201d, disse. Ainda segundo ele, atualmente, a solicita\u00e7\u00e3o por t\u00e1xis adaptados \u00e9 baixa. Sobre a desprepara\u00e7\u00e3o dos motoristas, o presidente afirma que aqueles que conduzem o carro adaptado passam por uma capacita\u00e7\u00e3o espec\u00edfica para exercer a fun\u00e7\u00e3o. \u201cA Secretaria de Transporte exige que o motorista, para conduzir o carro adaptado, tenha um curso para aprender a trabalhar com esse ve\u00edculo e com as pessoas que tenham alguma necessidade especial. \u00c9 necess\u00e1rio que a carteira desse motorista tenha a qualifica\u00e7\u00e3o\u201d, explica. De acordo com Jos\u00e9, faltam apenas cinco carros adaptados para cumprirem o previsto por lei, que \u00e9 10%.<\/p>\n<p>&nbsp;<\/p>\n<div id=\"attachment_122499\" style=\"width: 3466px\" class=\"wp-caption aligncenter\"><img loading=\"lazy\" decoding=\"async\" aria-describedby=\"caption-attachment-122499\" class=\"size-full wp-image-122499\" src=\"https:\/\/diarioregionaldigital.com.br\/wp-content\/uploads\/2018\/10\/RAFAELA-FRUTUOSO-USAR-ESSA-2-3.jpg\" alt=\"\" width=\"3456\" height=\"2304\" srcset=\"https:\/\/diarioregionaldigital.com.br\/wp-content\/uploads\/2018\/10\/RAFAELA-FRUTUOSO-USAR-ESSA-2-3.jpg 3456w, https:\/\/diarioregionaldigital.com.br\/wp-content\/uploads\/2018\/10\/RAFAELA-FRUTUOSO-USAR-ESSA-2-3-300x200.jpg 300w, https:\/\/diarioregionaldigital.com.br\/wp-content\/uploads\/2018\/10\/RAFAELA-FRUTUOSO-USAR-ESSA-2-3-768x512.jpg 768w, https:\/\/diarioregionaldigital.com.br\/wp-content\/uploads\/2018\/10\/RAFAELA-FRUTUOSO-USAR-ESSA-2-3-1024x683.jpg 1024w, https:\/\/diarioregionaldigital.com.br\/wp-content\/uploads\/2018\/10\/RAFAELA-FRUTUOSO-USAR-ESSA-2-3-360x240.jpg 360w\" sizes=\"auto, (max-width: 3456px) 100vw, 3456px\" \/><p id=\"caption-attachment-122499\" class=\"wp-caption-text\">Foto: Rafaela Frutuoso<\/p><\/div>\n","protected":false},"excerpt":{"rendered":"<p>Quase 24% da popula\u00e7\u00e3o brasileira \u00e9 composta por pessoas que possuem algum tipo de defici\u00eancia. \u00c9 o que aponta o Censo de 2016 realizado pelo Instituto Brasileiro de Geografia e Estat\u00edstica, no qual o Brasil possui cerca de 45 milh\u00f5es de Pessoas com Defici\u00eancia (PCD\u2019s). O Estatuto da Pessoa com Defici\u00eancia, Lei Brasileira de Inclus\u00e3o [&hellip;]<\/p>\n","protected":false},"author":96,"featured_media":122498,"comment_status":"closed","ping_status":"closed","sticky":false,"template":"","format":"standard","meta":{"footnotes":""},"categories":[253,440,439],"tags":[],"class_list":["post-122497","post","type-post","status-publish","format-standard","has-post-thumbnail","hentry","category-cidade","category-destaques-do-dia","category-ultima-hora"],"_links":{"self":[{"href":"https:\/\/diarioregionaldigital.com.br\/index.php?rest_route=\/wp\/v2\/posts\/122497","targetHints":{"allow":["GET"]}}],"collection":[{"href":"https:\/\/diarioregionaldigital.com.br\/index.php?rest_route=\/wp\/v2\/posts"}],"about":[{"href":"https:\/\/diarioregionaldigital.com.br\/index.php?rest_route=\/wp\/v2\/types\/post"}],"author":[{"embeddable":true,"href":"https:\/\/diarioregionaldigital.com.br\/index.php?rest_route=\/wp\/v2\/users\/96"}],"replies":[{"embeddable":true,"href":"https:\/\/diarioregionaldigital.com.br\/index.php?rest_route=%2Fwp%2Fv2%2Fcomments&post=122497"}],"version-history":[{"count":0,"href":"https:\/\/diarioregionaldigital.com.br\/index.php?rest_route=\/wp\/v2\/posts\/122497\/revisions"}],"wp:featuredmedia":[{"embeddable":true,"href":"https:\/\/diarioregionaldigital.com.br\/index.php?rest_route=\/wp\/v2\/media\/122498"}],"wp:attachment":[{"href":"https:\/\/diarioregionaldigital.com.br\/index.php?rest_route=%2Fwp%2Fv2%2Fmedia&parent=122497"}],"wp:term":[{"taxonomy":"category","embeddable":true,"href":"https:\/\/diarioregionaldigital.com.br\/index.php?rest_route=%2Fwp%2Fv2%2Fcategories&post=122497"},{"taxonomy":"post_tag","embeddable":true,"href":"https:\/\/diarioregionaldigital.com.br\/index.php?rest_route=%2Fwp%2Fv2%2Ftags&post=122497"}],"curies":[{"name":"wp","href":"https:\/\/api.w.org\/{rel}","templated":true}]}}