{"id":122486,"date":"2018-10-14T06:00:04","date_gmt":"2018-10-14T09:00:04","guid":{"rendered":"https:\/\/diarioregionaldigital.com.br\/?p=122486"},"modified":"2018-10-11T17:38:10","modified_gmt":"2018-10-11T20:38:10","slug":"canecao-pode-ser-a-proxima-tragedia","status":"publish","type":"post","link":"https:\/\/diarioregionaldigital.com.br\/?p=122486","title":{"rendered":"Canec\u00e3o pode ser a pr\u00f3xima trag\u00e9dia"},"content":{"rendered":"<p>Uma coisa tem me inquietado nos \u00faltimos tempos, e durante uma sess\u00e3o na Academia Brasileira de Letras pude relat\u00e1-la com detalhes, buscando apoio dos meus colegas acad\u00eamicos. Vamos aos fatos. Recentemente estive observando a entrada da casa de espet\u00e1culos Canec\u00e3o, em Botafogo, que est\u00e1 fechada h\u00e1 sete anos, sem obras de reforma e sem solu\u00e7\u00e3o para o imbr\u00f3glio administrativo que envolve, de um lado, aqueles que lutam pela sua reinaugura\u00e7\u00e3o, e de outro, a dire\u00e7\u00e3o da Universidade Federal do Rio de Janeiro \u2013 UFRJ, respons\u00e1vel legal pelo espa\u00e7o cultural. O que se comenta \u00e9 que a UFRJ n\u00e3o admite que haja um outro comando que n\u00e3o seja o dela. \u00c9 o caso de se questionar: onde est\u00e1 escrito e por que uma universidade federal deve comandar uma casa se espet\u00e1culos com as caracter\u00edsticas do Canec\u00e3o?<\/p>\n<p>A sensa\u00e7\u00e3o que me deu foi de grande apreens\u00e3o, pois o local, que j\u00e1 abrigou shows hist\u00f3ricos, \u201cest\u00e1 em peti\u00e7\u00e3o de mis\u00e9ria\u201d, para pegar fogo basta que uma ponta de cigarro seja atirada em seu interior. Fiquei com a impress\u00e3o de que ali pode estar sendo escrita a pr\u00f3xima trag\u00e9dia. Ser\u00e1 que o que ocorreu recentemente no Museu Nacional n\u00e3o serve de exemplo para que haja mudan\u00e7as na mentalidade desses dirigentes? Corroborando a minha preocupa\u00e7\u00e3o, o acad\u00eamico Jos\u00e9 Murilo de Carvalho informou que est\u00e1 havendo uma mudan\u00e7a na pol\u00edtica da UFRJ, o que deve permitir que o Canec\u00e3o possa ser administrado por quem se responsabilizar por manter a casa em boas condi\u00e7\u00f5es. Vamos torcer para que isso ocorra, e de prefer\u00eancia, o mais r\u00e1pido poss\u00edvel, antes que o pior aconte\u00e7a.<\/p>\n<p>J\u00e1 que me veio \u00e0 lembran\u00e7a a recente trag\u00e9dia que destruiu 200 anos de nossa hist\u00f3ria no Museu Nacional, lembrei de uma conversa que tive com Israel Klabin, que foi prefeito do Rio de Janeiro e tem grandes preocupa\u00e7\u00f5es com as quest\u00f5es culturais e econ\u00f4micas da cidade. Ele conseguiu junto ao BID (Banco Interamericano de Desenvolvimento) a promessa de um empr\u00e9stimo de US$ 80 milh\u00f5es para o museu, que seriam usados na aquisi\u00e7\u00e3o de maquin\u00e1rios para seguran\u00e7a e de elementos que completariam as cole\u00e7\u00f5es que l\u00e1 existiam. Por incr\u00edvel que pare\u00e7a, a UFRJ recusou a ajuda.<\/p>\n<p>O Conselho Universit\u00e1rio da UFRJ alegou que teria de ceder a tutela do museu a pessoas indicadas pelo BID, ou seja: n\u00e3o se admite outro comando que n\u00e3o aquele exercido pelos indicados dos partidos pol\u00edticos respons\u00e1veis pelas administra\u00e7\u00f5es dos equipamentos culturais. \u00c9 inadmiss\u00edvel que estejamos sendo c\u00famplices dessa politiza\u00e7\u00e3o absurda que acontece nas universidades oficiais, e que est\u00e1 bastante acentuada e prejudicando a cultura brasileira, como bem destacou a acad\u00eamica Rosiska Darcy de Oliveira. Lament\u00e1vel o posicionamento pol\u00edtico da UFRJ e parab\u00e9ns ao empres\u00e1rio Israel Klabin, que teve a coragem de assumir a decis\u00e3o de procurar uma solu\u00e7\u00e3o, mas que infelizmente foi rejeitada.<\/p>\n<p>Quem tamb\u00e9m se manifestou na reuni\u00e3o da Academia Brasileira de Letras sobre o assunto foi o acad\u00eamico Alberto da Costa e Silva, que observou, com muita propriedade, a diferen\u00e7a de entendimento existente em rela\u00e7\u00e3o ao que o Museu Nacional representava para o mundo. Enquanto no Brasil as autoridades pareciam n\u00e3o ter a m\u00ednima ideia da perda hist\u00f3rica que a cultura estava tendo, o presidente de Portugal tinha perfeita consci\u00eancia da import\u00e2ncia do museu, n\u00e3o apenas como um museu brasileiro, mas internacional. Precisamos urgentemente mudar a nossa mentalidade em rela\u00e7\u00e3o \u00e0s quest\u00f5es culturais.<\/p>\n","protected":false},"excerpt":{"rendered":"<p>Uma coisa tem me inquietado nos \u00faltimos tempos, e durante uma sess\u00e3o na Academia Brasileira de Letras pude relat\u00e1-la com detalhes, buscando apoio dos meus colegas acad\u00eamicos. Vamos aos fatos. Recentemente estive observando a entrada da casa de espet\u00e1culos Canec\u00e3o, em Botafogo, que est\u00e1 fechada h\u00e1 sete anos, sem obras de reforma e sem solu\u00e7\u00e3o [&hellip;]<\/p>\n","protected":false},"author":96,"featured_media":96753,"comment_status":"closed","ping_status":"closed","sticky":false,"template":"","format":"standard","meta":{"footnotes":""},"categories":[275,435],"tags":[],"class_list":["post-122486","post","type-post","status-publish","format-standard","has-post-thumbnail","hentry","category-arnaldo-niskier","category-colunas"],"_links":{"self":[{"href":"https:\/\/diarioregionaldigital.com.br\/index.php?rest_route=\/wp\/v2\/posts\/122486","targetHints":{"allow":["GET"]}}],"collection":[{"href":"https:\/\/diarioregionaldigital.com.br\/index.php?rest_route=\/wp\/v2\/posts"}],"about":[{"href":"https:\/\/diarioregionaldigital.com.br\/index.php?rest_route=\/wp\/v2\/types\/post"}],"author":[{"embeddable":true,"href":"https:\/\/diarioregionaldigital.com.br\/index.php?rest_route=\/wp\/v2\/users\/96"}],"replies":[{"embeddable":true,"href":"https:\/\/diarioregionaldigital.com.br\/index.php?rest_route=%2Fwp%2Fv2%2Fcomments&post=122486"}],"version-history":[{"count":0,"href":"https:\/\/diarioregionaldigital.com.br\/index.php?rest_route=\/wp\/v2\/posts\/122486\/revisions"}],"wp:featuredmedia":[{"embeddable":true,"href":"https:\/\/diarioregionaldigital.com.br\/index.php?rest_route=\/wp\/v2\/media\/96753"}],"wp:attachment":[{"href":"https:\/\/diarioregionaldigital.com.br\/index.php?rest_route=%2Fwp%2Fv2%2Fmedia&parent=122486"}],"wp:term":[{"taxonomy":"category","embeddable":true,"href":"https:\/\/diarioregionaldigital.com.br\/index.php?rest_route=%2Fwp%2Fv2%2Fcategories&post=122486"},{"taxonomy":"post_tag","embeddable":true,"href":"https:\/\/diarioregionaldigital.com.br\/index.php?rest_route=%2Fwp%2Fv2%2Ftags&post=122486"}],"curies":[{"name":"wp","href":"https:\/\/api.w.org\/{rel}","templated":true}]}}