{"id":122457,"date":"2018-10-11T17:06:04","date_gmt":"2018-10-11T20:06:04","guid":{"rendered":"https:\/\/diarioregionaldigital.com.br\/?p=122457"},"modified":"2018-10-11T17:06:04","modified_gmt":"2018-10-11T20:06:04","slug":"coberturas-vacinais-seguem-abaixo-do-recomendado-em-todo-o-pais","status":"publish","type":"post","link":"https:\/\/diarioregionaldigital.com.br\/?p=122457","title":{"rendered":"Coberturas vacinais seguem abaixo do recomendado em todo o pa\u00eds"},"content":{"rendered":"<p>As principais vacinas do calend\u00e1rio infantil no Brasil seguem abaixo dos percentuais de 90% a 95% recomendados pela Organiza\u00e7\u00e3o Mundial da Sa\u00fade (OMS). Dados preliminares divulgados nessa quinta-feira, 11, pelo Minist\u00e9rio da Sa\u00fade mostram que, at\u00e9 agosto, a cobertura vacinal das doses indicadas para crian\u00e7as com at\u00e9 23 meses de vida variava de 53% a 75%.<\/p>\n<p>Entre as vacinas com menor cobertura at\u00e9 o momento est\u00e3o a primeira dose da tetra viral, que protege contra sarampo, caxumba, rub\u00e9ola e varicela, com 53,5%; a dose contra a hepatite A, com 57,1%; e a pentavalente, que protege contra coqueluche, difteria, t\u00e9tano, meningite e hepatite B, com 59,6%.<\/p>\n<p>J\u00e1 as vacinas com melhor cobertura s\u00e3o a BCG, que protege contra a tuberculose, com 75,9%; a primeira dose da tr\u00edplice viral, que protege contra sarampo, caxumba e rub\u00e9ola, com 68,7%; e a pneumo 10V, que previne cerca de 70% das doen\u00e7as graves (pneumonia, meningite e otite) causadas por dez sorotipos de pneumococos, com 67,3%.<\/p>\n<h5>Cen\u00e1rio<\/h5>\n<p>Levantamento de rotina do minist\u00e9rio feito com estados e munic\u00edpios, em visitas domiciliares na busca de n\u00e3o vacinados, indica como principais causas para a redu\u00e7\u00e3o das coberturas vacinais o pr\u00f3prio sucesso do Programa Nacional de Imuniza\u00e7\u00f5es, visto que n\u00e3o h\u00e1 mais circula\u00e7\u00e3o de algumas doen\u00e7as no pa\u00eds, como a poliomielite.<\/p>\n<p>Outra causa verificada pelas equipes de sa\u00fade \u00e9 a desinforma\u00e7\u00e3o provocada por boatos de que as vacinas n\u00e3o funcionam ou que trazem graves efeitos colaterais. A popula\u00e7\u00e3o, segundo a pasta, tamb\u00e9m indica que o hor\u00e1rio de funcionamento das unidades de sa\u00fade atualmente \u00e9 incompat\u00edvel com a jornada de trabalho de pais e respons\u00e1veis.<\/p>\n<p>\u201cO perigo \u00e9 que o aumento do fluxo migrat\u00f3rio da popula\u00e7\u00e3o [sobretudo de pa\u00edses onde essas doen\u00e7as ainda existem] e a interrup\u00e7\u00e3o da vacina\u00e7\u00e3o podem provocar a volta ou elevado n\u00famero de casos de doen\u00e7as como sarampo, p\u00f3lio e rub\u00e9ola, como tem sido identificado em pa\u00edses que estavam livres dessas doen\u00e7as\u201d, alertou o minist\u00e9rio.<\/p>\n<h5>Campanha<\/h5>\n<p>Diante das baixas coberturas vacinais, o governo federal lan\u00e7ou hoje campanha publicit\u00e1ria que alerta para a import\u00e2ncia de se manter a vacina\u00e7\u00e3o em dia. O objetivo \u00e9 mostrar que os baixos \u00edndices podem ser perigosos, uma vez que abrem caminho para a reintrodu\u00e7\u00e3o de doen\u00e7as j\u00e1 eliminadas no pa\u00eds e que podem matar.<\/p>\n<p>Sob o conceito Porque contra Arrependimento n\u00e3o Existe Vacina, as pe\u00e7as publicit\u00e1rias s\u00e3o classificadas pela pr\u00f3pria pasta como impactantes e mostram casos reais de pessoas que sofrem at\u00e9 hoje pela n\u00e3o vacina\u00e7\u00e3o. Pela primeira vez, a mascote das campanhas de vacina\u00e7\u00e3o do minist\u00e9rio, Z\u00e9 Gotinha, aparece em tom s\u00e9rio e preocupado.<\/p>\n<p>A campanha conta com dois filmes, de 60 segundos e de 30 segundos, spots de r\u00e1dio, an\u00fancios de jornal e revista, mobili\u00e1rios urbanos, pain\u00e9is e a\u00e7\u00f5es na internet e nas redes sociais. Al\u00e9m disso, ser\u00e3o produzidos materiais com o calend\u00e1rio de vacina\u00e7\u00e3o para serem distribu\u00eddos para todas as unidades de sa\u00fade do Brasil. O conte\u00fado pode ser acessado procurando pela <em>hashtag<\/em> #FalaGotinha \u00a0e no <em>site<\/em> <a href=\"http:\/\/saude.gov.br\/vacinacao\" target=\"_blank\" rel=\"noopener\">saude.gov.br\/vacinacao<\/a>.<\/p>\n<p>&nbsp;<\/p>\n<p>Fonte: Ag\u00eancia Brasil<\/p>\n","protected":false},"excerpt":{"rendered":"<p>As principais vacinas do calend\u00e1rio infantil no Brasil seguem abaixo dos percentuais de 90% a 95% recomendados pela Organiza\u00e7\u00e3o Mundial da Sa\u00fade (OMS). Dados preliminares divulgados nessa quinta-feira, 11, pelo Minist\u00e9rio da Sa\u00fade mostram que, at\u00e9 agosto, a cobertura vacinal das doses indicadas para crian\u00e7as com at\u00e9 23 meses de vida variava de 53% a [&hellip;]<\/p>\n","protected":false},"author":96,"featured_media":112047,"comment_status":"closed","ping_status":"closed","sticky":false,"template":"","format":"standard","meta":{"footnotes":""},"categories":[302,436,439],"tags":[],"class_list":["post-122457","post","type-post","status-publish","format-standard","has-post-thumbnail","hentry","category-brasil-mundo","category-destaque-da-semana","category-ultima-hora"],"_links":{"self":[{"href":"https:\/\/diarioregionaldigital.com.br\/index.php?rest_route=\/wp\/v2\/posts\/122457","targetHints":{"allow":["GET"]}}],"collection":[{"href":"https:\/\/diarioregionaldigital.com.br\/index.php?rest_route=\/wp\/v2\/posts"}],"about":[{"href":"https:\/\/diarioregionaldigital.com.br\/index.php?rest_route=\/wp\/v2\/types\/post"}],"author":[{"embeddable":true,"href":"https:\/\/diarioregionaldigital.com.br\/index.php?rest_route=\/wp\/v2\/users\/96"}],"replies":[{"embeddable":true,"href":"https:\/\/diarioregionaldigital.com.br\/index.php?rest_route=%2Fwp%2Fv2%2Fcomments&post=122457"}],"version-history":[{"count":0,"href":"https:\/\/diarioregionaldigital.com.br\/index.php?rest_route=\/wp\/v2\/posts\/122457\/revisions"}],"wp:featuredmedia":[{"embeddable":true,"href":"https:\/\/diarioregionaldigital.com.br\/index.php?rest_route=\/wp\/v2\/media\/112047"}],"wp:attachment":[{"href":"https:\/\/diarioregionaldigital.com.br\/index.php?rest_route=%2Fwp%2Fv2%2Fmedia&parent=122457"}],"wp:term":[{"taxonomy":"category","embeddable":true,"href":"https:\/\/diarioregionaldigital.com.br\/index.php?rest_route=%2Fwp%2Fv2%2Fcategories&post=122457"},{"taxonomy":"post_tag","embeddable":true,"href":"https:\/\/diarioregionaldigital.com.br\/index.php?rest_route=%2Fwp%2Fv2%2Ftags&post=122457"}],"curies":[{"name":"wp","href":"https:\/\/api.w.org\/{rel}","templated":true}]}}