{"id":122456,"date":"2018-10-11T16:57:30","date_gmt":"2018-10-11T19:57:30","guid":{"rendered":"https:\/\/diarioregionaldigital.com.br\/?p=122456"},"modified":"2018-10-11T16:57:30","modified_gmt":"2018-10-11T19:57:30","slug":"transito-e-interditado-para-festividades-de-nossa-senhora-aparecida-e-outras-celebracoes","status":"publish","type":"post","link":"https:\/\/diarioregionaldigital.com.br\/?p=122456","title":{"rendered":"Tr\u00e2nsito \u00e9 interditado para festividades de Nossa Senhora Aparecida e outras celebra\u00e7\u00f5es"},"content":{"rendered":"<p>A Secretaria de Transporte e Tr\u00e2nsito (Settra) da Prefeitura de Juiz de Fora (PJF) interditar\u00e1, nesta sexta-feira, 12, vias nos bairros Santa Luzia, Maril\u00e2ndia, Jardim Natal, J\u00f3quei Clube e Nossa Senhora Aparecida, em virtude da realiza\u00e7\u00e3o de eventos religiosos.<\/p>\n<p>No Bairro Santa Luzia, as vias ter\u00e3o interdi\u00e7\u00e3o parcial a partir das 8h30, para a prociss\u00e3o da Par\u00f3quia de Santa Luzia, que ter\u00e1 in\u00edcio na Avenida Ibitiguaia, 440, e seguir\u00e1 pela Avenida Santa Luzia, passando pelas ruas Humberto Berzoine e Braz Ant\u00f4nio Falco, at\u00e9 a Comunidade de Nossa Senhora Aparecida.<\/p>\n<p>Nos bairros Jardim Natal e J\u00f3quei Clube, haver\u00e1 interven\u00e7\u00f5es parciais de vias para a realiza\u00e7\u00e3o da \u201cProciss\u00e3o de Nossa Senhora Aparecida&#8221;, a partir das 5 horas. O cortejo ter\u00e1 in\u00edcio na Igreja Cat\u00f3lica Sagrada Fam\u00edlia, situada na Rua Wenceslau Br\u00e1s, esquina com Rua Silvia Vidal Lage, e seguir\u00e1 pelas ruas Miguel Marcos Peres, Tenente Lucas, Guidoval, Machado Scaldine, Doutor Augusto Eckmann, Pedro Paulo da Silva, Miguel Marcos Peres e Wenceslau Br\u00e1s, at\u00e9 a igreja.<\/p>\n<p><b>Bairro Nossa Senhora Aparecida<\/b><\/p>\n<p>A Settra tamb\u00e9m atuar\u00e1 na realiza\u00e7\u00e3o da festa de Nossa Senhora Aparecida, no bairro hom\u00f4nimo. Das 5h30 at\u00e9 as 23 horas, haver\u00e1 interdi\u00e7\u00e3o da Rua Nossa Senhora Aparecida, entre as ruas Ant\u00f4nio Meurer e Carmela Dutra.<\/p>\n<p>A partir das 17h30, ter\u00e1 in\u00edcio a prociss\u00e3o, passando pelas ruas Nossa Senhora Aparecida e Ant\u00f4nio Meurer. Por conta disso, a Ant\u00f4nio Meurer tamb\u00e9m ter\u00e1 altera\u00e7\u00e3o e ser\u00e1 parcialmente fechada.<\/p>\n<p>As linhas do transporte coletivo urbano tamb\u00e9m ter\u00e3o mudan\u00e7as tempor\u00e1rias de itiner\u00e1rio. O trajeto da linha 400 (Alto Graja\u00fa via Capit\u00e3o Bicalho) no sentido Bairro\/ Centro ser\u00e1 realizado pelas ruas Carmela Dutra, Ant\u00f4nio Meurer e Capit\u00e3o Bicalho. Sem altera\u00e7\u00e3o no sentido oposto.<\/p>\n<p>O da linha 402 (Alto Graja\u00fa), no sentido Centro\/Bairro, ser\u00e1 pelas ruas Nossa Senhora Aparecida e Carmela Dutra, retornando pelas mesmas vias.<\/p>\n<p>J\u00e1 o da linha 403 (Nossa Senhora Aparecida) ser\u00e1 pelas ruas Nossa Senhora Aparecida, Carmela Dutra e Ant\u00f4nio Meurer, no sentido bairro, retornando pelas mesmas vias em dire\u00e7\u00e3o ao Centro.<\/p>\n<p><b>Carreata da Comunidade Nossa Senhora Rosa M\u00edstica<\/b><\/p>\n<p>No Maril\u00e2ndia, das 14 \u00e0s 15 horas, as vias que fazem parte do percurso da carreata da Comunidade de Nossa Senhora da Rosa M\u00edstica tamb\u00e9m ser\u00e3o interditadas parcialmente, s\u00e3o elas: ruas das Esmeraldas, 135, Ac\u00e1cio Alves Alvim, Ot\u00edlia de Souza Leal, Alameda dos Ip\u00eas, Nestor Vasconcelos Neto, Alameda dos Oitis, Natal, Bras\u00edlia, Florian\u00f3polis, Cuiab\u00e1, Macei\u00f3, Porto Alegre, das Pet\u00fanias, das Margaridas, dos Pinheirais, das Hort\u00eansias, das Margaridas, das Rosas, Ot\u00edlia de Souza Leal, Ac\u00e1cio Alves Alvim, das Marcassitas e das Esmeraldas, em dire\u00e7\u00e3o \u00e0 Comunidade.<\/p>\n<p>&nbsp;<\/p>\n<p>Fonte: Assessoria PJF<\/p>\n","protected":false},"excerpt":{"rendered":"<p>A Secretaria de Transporte e Tr\u00e2nsito (Settra) da Prefeitura de Juiz de Fora (PJF) interditar\u00e1, nesta sexta-feira, 12, vias nos bairros Santa Luzia, Maril\u00e2ndia, Jardim Natal, J\u00f3quei Clube e Nossa Senhora Aparecida, em virtude da realiza\u00e7\u00e3o de eventos religiosos. No Bairro Santa Luzia, as vias ter\u00e3o interdi\u00e7\u00e3o parcial a partir das 8h30, para a prociss\u00e3o [&hellip;]<\/p>\n","protected":false},"author":96,"featured_media":112697,"comment_status":"closed","ping_status":"closed","sticky":false,"template":"","format":"standard","meta":{"footnotes":""},"categories":[253,439],"tags":[],"class_list":["post-122456","post","type-post","status-publish","format-standard","has-post-thumbnail","hentry","category-cidade","category-ultima-hora"],"_links":{"self":[{"href":"https:\/\/diarioregionaldigital.com.br\/index.php?rest_route=\/wp\/v2\/posts\/122456","targetHints":{"allow":["GET"]}}],"collection":[{"href":"https:\/\/diarioregionaldigital.com.br\/index.php?rest_route=\/wp\/v2\/posts"}],"about":[{"href":"https:\/\/diarioregionaldigital.com.br\/index.php?rest_route=\/wp\/v2\/types\/post"}],"author":[{"embeddable":true,"href":"https:\/\/diarioregionaldigital.com.br\/index.php?rest_route=\/wp\/v2\/users\/96"}],"replies":[{"embeddable":true,"href":"https:\/\/diarioregionaldigital.com.br\/index.php?rest_route=%2Fwp%2Fv2%2Fcomments&post=122456"}],"version-history":[{"count":0,"href":"https:\/\/diarioregionaldigital.com.br\/index.php?rest_route=\/wp\/v2\/posts\/122456\/revisions"}],"wp:featuredmedia":[{"embeddable":true,"href":"https:\/\/diarioregionaldigital.com.br\/index.php?rest_route=\/wp\/v2\/media\/112697"}],"wp:attachment":[{"href":"https:\/\/diarioregionaldigital.com.br\/index.php?rest_route=%2Fwp%2Fv2%2Fmedia&parent=122456"}],"wp:term":[{"taxonomy":"category","embeddable":true,"href":"https:\/\/diarioregionaldigital.com.br\/index.php?rest_route=%2Fwp%2Fv2%2Fcategories&post=122456"},{"taxonomy":"post_tag","embeddable":true,"href":"https:\/\/diarioregionaldigital.com.br\/index.php?rest_route=%2Fwp%2Fv2%2Ftags&post=122456"}],"curies":[{"name":"wp","href":"https:\/\/api.w.org\/{rel}","templated":true}]}}