{"id":122451,"date":"2018-10-14T06:00:10","date_gmt":"2018-10-14T09:00:10","guid":{"rendered":"https:\/\/diarioregionaldigital.com.br\/?p=122451"},"modified":"2018-10-11T16:29:00","modified_gmt":"2018-10-11T19:29:00","slug":"conheca-os-roteiros-que-englobam-o-parque-estadual-da-serra-do-rola-moca","status":"publish","type":"post","link":"https:\/\/diarioregionaldigital.com.br\/?p=122451","title":{"rendered":"Conhe\u00e7a os roteiros que englobam o Parque Estadual da Serra do Rola Mo\u00e7a"},"content":{"rendered":"<p><strong>PARQUE ESTADUAL DA SERRA DO ROLA-MO\u00c7A<\/strong> \u2013 esta unidade de Conserva\u00e7\u00e3o de Prote\u00e7\u00e3o Integral foi criada pelo Decreto de Lei 36.071 em 27 de setembro de 1994. Tem por miss\u00e3o preservar e conservar os mananciais e os campos ferruginosos, buscando a harmonia entre as atividades da comunidade e a prote\u00e7\u00e3o da biodiversidade. O Parque \u00e9 uma das mais importantes \u00e1reas verdes do Estado, \u00c9 o terceiro maior parque em \u00e1rea urbana do pa\u00eds e abriga alguns dos mananciais que abastecem\u00a0 a capital e sua regi\u00e3o metropolitana, uma bela e rara vegeta\u00e7\u00e3o que se destaca pela ocorr\u00eancia de esp\u00e9cies end\u00eamicas.<\/p>\n<p>Possui uma \u00e1rea de aproximadamente 4000 hectares que abrangem os munic\u00edpios de Belo Horizonte, Nova Lima, Ibirit\u00e9 e Brumadinho. De relevo ondulado, formado por um conjunto de serras, constitui uma zona de transi\u00e7\u00e3o de vegeta\u00e7\u00e3o caracter\u00edstica dos biomas Cerrado e Mata Atl\u00e2ntica. Al\u00e9m disso, abriga manchas de Campo Rupestre Ferruginoso, uma rara e bela vegeta\u00e7\u00e3o que se destaca pela ocorr\u00eancia de esp\u00e9cies end\u00eamicas, encontradas apenas em regi\u00f5es de afloramentos rochosos ricos em min\u00e9rio de ferro (canga ferruginosa) como os do Quadril\u00e1tero Ferr\u00edfero em Minas Gerais, em altitudes superiores a 1000m. Ao passear por aqui, o visitante tem a oportunidade \u00fanica de apreciar paisagens dotadas de beleza singular e uma rica biodiversidade constitu\u00edda por uma s\u00e9rie de esp\u00e9cies da fauna amea\u00e7adas de extin\u00e7\u00e3o (como o lobo-guar\u00e1 e a on\u00e7a parda, a jaguatirica, o gato-do-mato, o macuco e ao veado campeiro) e da flora (como a arnica), bem como por esp\u00e9cies existentes apenas nesta regi\u00e3o \u2013 como o cacto Arthrocereus glaziovii e o p\u00e1ssaro papa-moscas-de-costas-cinzentas, ambos de Campo Rupestre Ferruginoso.<\/p>\n<p>O nome do Parque foi contado em \u201ccauso\u201d e mortalizado por M\u00e1rio de Andrade em um poema que relata a hist\u00f3ria de um casal que, logo ap\u00f3s a cerim\u00f4nia do casamento, cruzou a Serra de volta para casa. No caminho, o cavalo da mo\u00e7a escorregou no cascalho e caiu no fundo do grot\u00e3o. O marido desesperado, esporou seu cavalo ribanceira abaixo e \u201ca Serra do Rola-Mo\u00e7a, Rola-Mo\u00e7a se chamou\u201d.<\/p>\n<p>A entrada no parque \u00e9 gratuita. \u00c9 poss\u00edvel fazer trilhas, circuito cicl\u00edstico, observa\u00e7\u00e3o da natureza e turismo fotogr\u00e1fico. N\u00e3o possui \u00e1rea de camping e a visita\u00e7\u00e3o de v\u00ea ser feita no per\u00edodo diurno, por\u00e9m tem uma boa estrutura para o visitante.<\/p>\n<p>O Parque possui tr\u00eas mirantes principais, sendo eles: Mirante Morro dos Veados e Mirante dos Planetas, de onde \u00e9 poss\u00edvel visualizar a conurba\u00e7\u00e3o de Ibirit\u00e9 e Belo horizonte; e Mirante Morro das Tr\u00eas Pedras, de onde \u00e9 poss\u00edvel observar a parte baixa do Parque e cidade de Belo Horizonte, destacando-se a regi\u00e3o do Barreiro. O Mirante Morro dos Veados \u00e9 ponto inicial da Serra do Rola-Mo\u00e7a, que d\u00e1 origem ao nome do Parque. \u00c9 uma \u00e1rea bastante visitada aos finais de semana tamb\u00e9m utilizada para realiza\u00e7\u00e3o de eventos de grande porte como o \u201cPedalando no Topo\u201d que recebe, anualmente, cerca de 3000 pessoas num s\u00f3 dia.<\/p>\n<div id=\"attachment_122453\" style=\"width: 461px\" class=\"wp-caption aligncenter\"><img loading=\"lazy\" decoding=\"async\" aria-describedby=\"caption-attachment-122453\" class=\" wp-image-122453\" src=\"https:\/\/diarioregionaldigital.com.br\/wp-content\/uploads\/2018\/10\/foto-02-2-300x199.jpg\" alt=\"\" width=\"451\" height=\"299\" srcset=\"https:\/\/diarioregionaldigital.com.br\/wp-content\/uploads\/2018\/10\/foto-02-2-300x199.jpg 300w, https:\/\/diarioregionaldigital.com.br\/wp-content\/uploads\/2018\/10\/foto-02-2-360x239.jpg 360w, https:\/\/diarioregionaldigital.com.br\/wp-content\/uploads\/2018\/10\/foto-02-2.jpg 650w\" sizes=\"auto, (max-width: 451px) 100vw, 451px\" \/><p id=\"caption-attachment-122453\" class=\"wp-caption-text\">A mais de 1.900 metros de altitude o Mirante Morro dos Veados \u00e9 um dos mirantes mais bonitos da regi\u00e3o e tamb\u00e9m \u00e9 muito visitado para apreciar a bela vis\u00e3o. Foto: Divulga\u00e7\u00e3o<\/p><\/div>\n<p>O Parque possui quatro trilhas principais, sendo elas : Estrada dos Sert\u00f5es, Trilha das Pitangueiras, Trilha do Cerrado e Trilha da Travessia. Para visit\u00e1-las, \u00e9 necess\u00e1rio se informar junto \u00e0 Administra\u00e7\u00e3o sobre os procedimentos e normas.<\/p>\n<p>A Cachoeira das Pirangueiras faz parte da Trilha das Pitangueiras. A primeira parte da trilha \u00e9 uma estrada de terra de ampla claridade que termina numa mata fechada. Ao entrar na mata fechada, h\u00e1 um bosque de pitangueiras. A trilha leva a uma cachoeira volumosa, com aproximadamente 5m de altura.<\/p>\n<div id=\"attachment_122454\" style=\"width: 456px\" class=\"wp-caption aligncenter\"><img loading=\"lazy\" decoding=\"async\" aria-describedby=\"caption-attachment-122454\" class=\" wp-image-122454\" src=\"https:\/\/diarioregionaldigital.com.br\/wp-content\/uploads\/2018\/10\/foto-03-2-300x169.jpg\" alt=\"\" width=\"446\" height=\"251\" srcset=\"https:\/\/diarioregionaldigital.com.br\/wp-content\/uploads\/2018\/10\/foto-03-2-300x169.jpg 300w, https:\/\/diarioregionaldigital.com.br\/wp-content\/uploads\/2018\/10\/foto-03-2-768x432.jpg 768w, https:\/\/diarioregionaldigital.com.br\/wp-content\/uploads\/2018\/10\/foto-03-2-1024x576.jpg 1024w, https:\/\/diarioregionaldigital.com.br\/wp-content\/uploads\/2018\/10\/foto-03-2-360x203.jpg 360w, https:\/\/diarioregionaldigital.com.br\/wp-content\/uploads\/2018\/10\/foto-03-2.jpg 1600w\" sizes=\"auto, (max-width: 446px) 100vw, 446px\" \/><p id=\"caption-attachment-122454\" class=\"wp-caption-text\">A Cachoeira das Pirangueiras faz parte da Trilha das Pitangueiras tamb\u00e9m no roteamento do parque. Foto: Divulga\u00e7\u00e3o<\/p><\/div>\n<p>A Cachoeira das Duas quedas \u00e9 assim conhecida por apresentar duas quedas em sequ\u00eancia, cada uma com aproximadamente 7m de altura. Ela \u00e9 integrante do roteiro tur\u00edstico da Trilha da Travessia. A sua visita\u00e7\u00e3o \u00e9 guiada, portanto \u00e9 necess\u00e1rio agendar.<\/p>\n<p>O Parque \u00e9 muito procurado para a pr\u00e1tica de Mountain Bike. Muitas das estradas internas podem ser usadas para o ciclismo.Existem v\u00e1rios roteiros para a pr\u00e1tica desse esporte.<\/p>\n<p>Acess\u00edvel pela Estrada dos Sert\u00f5es, a Gruta das Tr\u00eas Pedras \u00e9 uma gruta em min\u00e9rio de ferro com aproximadamente 40m de extens\u00e3o. A sua visita\u00e7\u00e3o \u00e9 guiada, portanto, \u00e9 necess\u00e1rio agendar.<\/p>\n<p>O Parque possui seis mananciais: B\u00e1lsamo, Barreiro, Catarina, Mutuca, Rola-Mo\u00e7a e Tabo\u00f5es. Os mananciais s\u00e3o represas de cursos d\u2019\u00e1gua de onde a COPASA (Companhia de Saneamento de Minas Gerais) capta \u00e1gua para tratar e distribuir para a popula\u00e7\u00e3o da Regi\u00e3o Metropolitana de Belo Horizonte. O Manancial Catarina \u00e9 uma dessas \u00e1reas\u00a0 de capta\u00e7\u00e3o de \u00e1gua, conhecido tamb\u00e9m como Lago Azul.<\/p>\n<p>Sua represa, com pontos de at\u00e9 16m de profundidade, apresenta \u00e1gua de uma cor azul bem forte e brilhante de beleza \u00fanica. A visita\u00e7\u00e3o dessas \u00e1reas \u00e9 restrita \u00e0 realiza\u00e7\u00e3o de visitas educativas, portanto, \u00e9 necess\u00e1rio informar \u00e0 Administra\u00e7\u00e3o sobre os procedimentos e normas.<\/p>\n<p>Uma atra\u00e7\u00e3o imperd\u00edvel da regi\u00e3o \u00e9 curtir o p\u00f4r do sol no restaurante Topo do Mundo, que fica no alto de uma montanha em Piedade do Paraopeba, distrito de Brumadinho. Al\u00e9m da vista incr\u00edvel, os pratos n\u00e3o deixam a desejar. Eles unem a culin\u00e1ria t\u00f3pica de Minas um toque contempor\u00e2neo. Experimente o queijo minas a dor\u00ea com geleia de figo de entrada, o fil\u00e9 de sol com pur\u00ea de coalho e crispy de couve como prato principal e o trio mineiro, como doce de leite de Arax\u00e1, goiabada casc\u00e3o com queijo minas e doce de laranja da casa como sobremesa.<\/p>\n<p>Para visitar a Serra, tem que levar protetor solar e chap\u00e9u s\u00e3o importantes para proteger do sol forte nas caminhadas; \u00e1gua e alimentos como frutas, castanhas e barrinha de cereal para repor as energias nas trilhas; n\u00e3o se esquecer de levar seu lixo com voc\u00ea e n\u00e3o tirar nada do parque, como plantas e rochas; e por \u00faltimo, o mais importante! Use sempre cal\u00e7ados confort\u00e1veis e roupas leves para encarar as trilhas.<\/p>\n<p>Como chegar : pela BR 0-40, retornando no sentido Rio de Janeiro. Entrar \u00e0 direta no Posto Chef\u00e3o, segunda rua \u00e0 direita (Montreal), no bairro Jardim Canad\u00e1. Prosseguir at\u00e9 a portaria principal do parque.\u00a0 A dist\u00e2ncia do Posto Chef\u00e3o ao parque \u00e9 de cerca de 3 km, em estrada de terra.<\/p>\n<p>As pessoas que desejarem visitar as Unidades de Conserva\u00e7\u00e3o (UCs) estaduais devem preencher o Termo de Ci\u00eancia de Risco, no qual declaram estar imunizados contra a doen\u00e7a e cientes dos riscos da visita. O Termo est\u00e1 dispon\u00edvel para download no site do Instituto Estadual de Florestas (IEF), www.ief.mg.gov.br, e tamb\u00e9m nas portarias das unidades de conserva\u00e7\u00e3o para os quais a exig\u00eancia \u00e9 v\u00e1lida<\/p>\n<p>&nbsp;<\/p>\n","protected":false},"excerpt":{"rendered":"<p>PARQUE ESTADUAL DA SERRA DO ROLA-MO\u00c7A \u2013 esta unidade de Conserva\u00e7\u00e3o de Prote\u00e7\u00e3o Integral foi criada pelo Decreto de Lei 36.071 em 27 de setembro de 1994. Tem por miss\u00e3o preservar e conservar os mananciais e os campos ferruginosos, buscando a harmonia entre as atividades da comunidade e a prote\u00e7\u00e3o da biodiversidade. O Parque \u00e9 [&hellip;]<\/p>\n","protected":false},"author":96,"featured_media":122452,"comment_status":"closed","ping_status":"closed","sticky":false,"template":"","format":"standard","meta":{"footnotes":""},"categories":[436,284,439],"tags":[],"class_list":["post-122451","post","type-post","status-publish","format-standard","has-post-thumbnail","hentry","category-destaque-da-semana","category-turismo-rosa-oliveira","category-ultima-hora"],"_links":{"self":[{"href":"https:\/\/diarioregionaldigital.com.br\/index.php?rest_route=\/wp\/v2\/posts\/122451","targetHints":{"allow":["GET"]}}],"collection":[{"href":"https:\/\/diarioregionaldigital.com.br\/index.php?rest_route=\/wp\/v2\/posts"}],"about":[{"href":"https:\/\/diarioregionaldigital.com.br\/index.php?rest_route=\/wp\/v2\/types\/post"}],"author":[{"embeddable":true,"href":"https:\/\/diarioregionaldigital.com.br\/index.php?rest_route=\/wp\/v2\/users\/96"}],"replies":[{"embeddable":true,"href":"https:\/\/diarioregionaldigital.com.br\/index.php?rest_route=%2Fwp%2Fv2%2Fcomments&post=122451"}],"version-history":[{"count":0,"href":"https:\/\/diarioregionaldigital.com.br\/index.php?rest_route=\/wp\/v2\/posts\/122451\/revisions"}],"wp:featuredmedia":[{"embeddable":true,"href":"https:\/\/diarioregionaldigital.com.br\/index.php?rest_route=\/wp\/v2\/media\/122452"}],"wp:attachment":[{"href":"https:\/\/diarioregionaldigital.com.br\/index.php?rest_route=%2Fwp%2Fv2%2Fmedia&parent=122451"}],"wp:term":[{"taxonomy":"category","embeddable":true,"href":"https:\/\/diarioregionaldigital.com.br\/index.php?rest_route=%2Fwp%2Fv2%2Fcategories&post=122451"},{"taxonomy":"post_tag","embeddable":true,"href":"https:\/\/diarioregionaldigital.com.br\/index.php?rest_route=%2Fwp%2Fv2%2Ftags&post=122451"}],"curies":[{"name":"wp","href":"https:\/\/api.w.org\/{rel}","templated":true}]}}