{"id":122445,"date":"2018-10-14T06:00:18","date_gmt":"2018-10-14T09:00:18","guid":{"rendered":"https:\/\/diarioregionaldigital.com.br\/?p=122445"},"modified":"2018-10-15T07:55:24","modified_gmt":"2018-10-15T10:55:24","slug":"dica-do-especialista-cancer-de-mama","status":"publish","type":"post","link":"https:\/\/diarioregionaldigital.com.br\/?p=122445","title":{"rendered":"Especialista fala sobre o C\u00e2ncer de Mama"},"content":{"rendered":"<p>Durante todo o m\u00eas de outubro \u00e9 celebrado o \u201cOutubro Rosa\u201d. A campanha tem como objetivo estimular a participa\u00e7\u00e3o da popula\u00e7\u00e3o no controle do c\u00e2ncer de mama e compartilhar informa\u00e7\u00f5es e promover a conscientiza\u00e7\u00e3o sobre a doen\u00e7a.<\/p>\n<p>O c\u00e2ncer de mama \u00e9 uma doen\u00e7a causada pela multiplica\u00e7\u00e3o de c\u00e9lulas anormais da mama, que formam um tumor. Existem v\u00e1rios tipos de c\u00e2ncer de mama. Alguns tipos t\u00eam desenvolvimento r\u00e1pido enquanto outros s\u00e3o mais lentos. De acordo com L\u00edvia Toledo, M\u00e9dica Ginecologista e Mastologista, o c\u00e2ncer de mama \u00e9 multifatorial. Altera\u00e7\u00f5es ambientais\/comportamentais e gen\u00e9ticas podem levar ao c\u00e2ncer de mama. \u201cA parte heredit\u00e1ria, que seria a parte gen\u00e9tica associada ao risco familiar, \u00e9 respons\u00e1vel por cinco a 10 por cento somente dos casos. O fator ambiental \u00e9 um dos principais fatores do c\u00e2ncer de mama\u201d, disse. Relacionado a esse fator, L\u00edvia explica que h\u00e1bitos alimentares, como m\u00e1 alimenta\u00e7\u00e3o, e sedentarismo, facilitam com que ocorram altera\u00e7\u00f5es nas c\u00e9lulas, que futuramente podem desenvolver um tumor de mama.<\/p>\n<p>De acordo com o INCA &#8211; Instituto Nacional de C\u00e2ncer &#8211; entre os tipos de c\u00e2ncer mais frequentes em 2018 est\u00e1 o de mama, com mais de 59.700 mil novos casos em mulheres. Depois do c\u00e2ncer de pele n\u00e3o melanoma, o c\u00e2ncer de mama corresponde a cerca de 25% dos novos casos a cada ano, sendo o mais comum entre mulheres no Brasil e no mundo. Sem considerar os tumores de pele n\u00e3o melanoma, o c\u00e2ncer de mama \u00e9frequente nas mulheres das Regi\u00f5es Sul, Sudeste, Centro-Oeste e Nordeste.<\/p>\n<p>O autoexame das mamas, que se d\u00e1 atrav\u00e9s do toque, \u00e9 a maneira mais popular e divulgada para detectar o c\u00e2ncer de mama, mas nem sempre a doen\u00e7a pode ser percebida somente com o apalpar dos seios. \u201cQuando as les\u00f5es, os tumores, est\u00e3o em fases iniciais, s\u00f3 conseguimos perceber atrav\u00e9s dos exames de mamografia, pois seriam as microcalcifica\u00e7\u00f5es. Quando a gente tem algum n\u00f3dulo maior \u00e9 poss\u00edvel notar com o toque\u201d.Ela ainda explica que o autoexame das mamas \u00e9 importante para a mulher no autoconhecimento e no autocuidado das mamas. \u201cSe a mulher percebe alguma altera\u00e7\u00e3o, alguma secre\u00e7\u00e3o saindo do bico do peito, alguma anormalidade, ela vai procurar um m\u00e9dico. Exame de detec\u00e7\u00e3o e de rastreio \u00e9 o exame cl\u00ednico, por exemplo, a mamografia. O autoexame \u00e9 para o autoconhecimento da mama\u201d.<\/p>\n<p>No Brasil, a recomenda\u00e7\u00e3o do Minist\u00e9rio da Sa\u00fade \u00e9 a realiza\u00e7\u00e3o da mamografia de rastreamento, quando n\u00e3o h\u00e1 sinais nem sintomas, em mulheres com idade entre os 50 e 69 anos. Em caso de hist\u00f3rico familiar de c\u00e2ncer de mama \u00e9 aconselhado que o exame seja feito at\u00e9 mesmo antes da idade prevista. Em caso de indica\u00e7\u00e3o de um profissional de sa\u00fade, realiza o exame.<\/p>\n<p><strong>TRATAMENTO<\/strong><\/p>\n<p>Existe tratamento para c\u00e2ncer de mama, e o Minist\u00e9rio da Sa\u00fade oferece atendimento por meio do Sistema \u00danico de Sa\u00fade, o SUS. O tratamento do c\u00e2ncer de mama varia de acordo com o estadiamento da doen\u00e7a, suas caracter\u00edsticas biol\u00f3gicas, bem como das condi\u00e7\u00f5es da paciente, que envolve quest\u00f5es de idade, status menopausal, comorbidades e prefer\u00eancias. L\u00edvia explica que existem v\u00e1rias modalidades. \u201cTemos o tratamento cir\u00fargico, quando retiramos o tumor, o tratamento de quimioterapia, que \u00e9 para tratar a doen\u00e7a sist\u00eamica, quando a doen\u00e7a se espalhou pelo corpo ou para evitar que essa doen\u00e7a se espalhe pelo corpo, e tamb\u00e9m temos a radioterapia que seria para depois de um tratamento cir\u00fargico, que \u00e9 feito para evitar a recidiva da doen\u00e7a\u201d, explica. Segundo a mastologista, as chances de cura do c\u00e2ncer de mama, se detectado em fase inicial, s\u00e3o entre 90 a 95%.<\/p>\n<p>&nbsp;<\/p>\n<p><strong>DICAS PARA PREVEN\u00c7\u00c3O DO C\u00c2NCER DE MAMA\u00a0<\/strong><\/p>\n<p>Como foi explicado pela profissional, os h\u00e1bitos comportamentais, sendo o fator ambiental o principal deles, est\u00e3o relacionados ao desenvolvimento do tumor ligado ao c\u00e2ncer de mama. Al\u00e9m disso, pesquisas cient\u00edficas mostram que o desenvolvimento de at\u00e9 13 tipos tumores est\u00e1 relacionado a comportamento. De acordo com L\u00edvia Toledo, \u201ca primeira coisa \u00e9 tentar realizar atividade f\u00edsica pelo menos tr\u00eas vezes por semana porque isso evita o ganho de peso, pois sabemos que a gordura est\u00e1 associada ao desenvolvimento do c\u00e2ncer de mama por conta dos estr\u00f3genos. Quanto mais gordura a paciente tem, mais horm\u00f4nio ela tem, que estaria associado ao c\u00e2ncer de mama. Al\u00e9m disso, temos a quest\u00e3o da alimenta\u00e7\u00e3o. Evitar carboidrato e a\u00e7\u00facar, porque a\u00e7\u00facar \u00e9 um grande cancer\u00edgeno\u201d.<\/p>\n<p>Ela aconselha optar sempre por alimenta\u00e7\u00f5es mais saud\u00e1veis, como frutas, legumes e verduras. \u201cA couve-flor tem uma subst\u00e2ncia muito importante antic\u00e2ncer. Os alimentos que devemos evitar \u00e9 o a\u00e7\u00facar e tamb\u00e9m a carne vermelha, que est\u00e3o associados ao aumento do risco potencial de c\u00e2ncer de mama. Para evitar o surgimento da doen\u00e7a, a gente s\u00f3 consegue mudando os h\u00e1bitos de vida\u201d, explicou.<\/p>\n<p>&nbsp;<\/p>\n<p><strong>PERGUNTAS FREQUENTES<\/strong><\/p>\n<p>&#8211; Pr\u00f3tese de silicone nos seios pode levar \u00e0 doen\u00e7a?<\/p>\n<p><em>\u201cN\u00e3o. A pr\u00f3tese de silicone n\u00e3o tem rela\u00e7\u00e3o com o c\u00e2ncer de mama. A paciente pode colocar a pr\u00f3tese e realizar os exames normalmente. Temos t\u00e9cnicas especiais para realizar o exame\u201d.<\/em><\/p>\n<p>&#8211; A amamenta\u00e7\u00e3o diminui os riscos de c\u00e2ncer de mama nas mulheres?<\/p>\n<p><em>\u201cA amamenta\u00e7\u00e3o \u00e9 um fator protetor contra o c\u00e2ncer de mama, porque quando a mulher amamenta, ela chega ao est\u00e1gio final do desenvolvimento da gl\u00e2ndula mam\u00e1ria. Se ela chega nesse est\u00e1gio final, \u00e9 mais dif\u00edcil acontecer alguma altera\u00e7\u00e3o gen\u00e9tica, porque j\u00e1 seria uma c\u00e9lula mais madura\u201d.<\/em><\/p>\n<p>&#8211; P\u00edlula anticoncepcional aumenta o risco da doen\u00e7a?<\/p>\n<p><em>\u201cAlguns estudos mostraram que o anticoncepcional estaria associado ao aumento de risco de c\u00e2ncer de mama, mas s\u00e3o v\u00e1rios outros fatores. O fator ambiental \u00e9 o principal causador, que vai gerar altera\u00e7\u00e3o para levar ao tumor de mama\u201d.<\/em><\/p>\n<p>&nbsp;<\/p>\n<p><strong>C\u00c2NCER DE MAMA NOS HOMENS<\/strong><\/p>\n<p>O c\u00e2ncer de mama n\u00e3o \u00e9 restrito apenas \u00e0s mulheres e a doen\u00e7a pode, tamb\u00e9m, ser descoberta nos homens. De acordo com a especialista, o c\u00e2ncer de mama atinge em m\u00e9dia 1%. \u201cA cada 100 mulheres 1 homem vai desenvolver c\u00e2ncer de mama. No homem o c\u00e2ncer de mama atinge idade mais avan\u00e7ada\u201d, disse L\u00edvia Toledo, M\u00e9dica Ginecologista e Mastologista. Portanto, se voc\u00ea notar qualquer altera\u00e7\u00e3o nas mamas \u00e9 importante que consulte imediatamente um m\u00e9dico para poder realizar o diagn\u00f3stico.<\/p>\n","protected":false},"excerpt":{"rendered":"<p>Durante todo o m\u00eas de outubro \u00e9 celebrado o \u201cOutubro Rosa\u201d. A campanha tem como objetivo estimular a participa\u00e7\u00e3o da popula\u00e7\u00e3o no controle do c\u00e2ncer de mama e compartilhar informa\u00e7\u00f5es e promover a conscientiza\u00e7\u00e3o sobre a doen\u00e7a. O c\u00e2ncer de mama \u00e9 uma doen\u00e7a causada pela multiplica\u00e7\u00e3o de c\u00e9lulas anormais da mama, que formam um [&hellip;]<\/p>\n","protected":false},"author":96,"featured_media":122446,"comment_status":"closed","ping_status":"closed","sticky":false,"template":"","format":"standard","meta":{"footnotes":""},"categories":[253,436,440,439],"tags":[],"class_list":["post-122445","post","type-post","status-publish","format-standard","has-post-thumbnail","hentry","category-cidade","category-destaque-da-semana","category-destaques-do-dia","category-ultima-hora"],"_links":{"self":[{"href":"https:\/\/diarioregionaldigital.com.br\/index.php?rest_route=\/wp\/v2\/posts\/122445","targetHints":{"allow":["GET"]}}],"collection":[{"href":"https:\/\/diarioregionaldigital.com.br\/index.php?rest_route=\/wp\/v2\/posts"}],"about":[{"href":"https:\/\/diarioregionaldigital.com.br\/index.php?rest_route=\/wp\/v2\/types\/post"}],"author":[{"embeddable":true,"href":"https:\/\/diarioregionaldigital.com.br\/index.php?rest_route=\/wp\/v2\/users\/96"}],"replies":[{"embeddable":true,"href":"https:\/\/diarioregionaldigital.com.br\/index.php?rest_route=%2Fwp%2Fv2%2Fcomments&post=122445"}],"version-history":[{"count":0,"href":"https:\/\/diarioregionaldigital.com.br\/index.php?rest_route=\/wp\/v2\/posts\/122445\/revisions"}],"wp:featuredmedia":[{"embeddable":true,"href":"https:\/\/diarioregionaldigital.com.br\/index.php?rest_route=\/wp\/v2\/media\/122446"}],"wp:attachment":[{"href":"https:\/\/diarioregionaldigital.com.br\/index.php?rest_route=%2Fwp%2Fv2%2Fmedia&parent=122445"}],"wp:term":[{"taxonomy":"category","embeddable":true,"href":"https:\/\/diarioregionaldigital.com.br\/index.php?rest_route=%2Fwp%2Fv2%2Fcategories&post=122445"},{"taxonomy":"post_tag","embeddable":true,"href":"https:\/\/diarioregionaldigital.com.br\/index.php?rest_route=%2Fwp%2Fv2%2Ftags&post=122445"}],"curies":[{"name":"wp","href":"https:\/\/api.w.org\/{rel}","templated":true}]}}