{"id":122439,"date":"2018-10-11T16:04:25","date_gmt":"2018-10-11T19:04:25","guid":{"rendered":"https:\/\/diarioregionaldigital.com.br\/?p=122439"},"modified":"2018-10-11T16:04:25","modified_gmt":"2018-10-11T19:04:25","slug":"reforma-da-previdencia-e-covardia-com-o-trabalhador-diz-paulo-paim","status":"publish","type":"post","link":"https:\/\/diarioregionaldigital.com.br\/?p=122439","title":{"rendered":"Reforma da Previd\u00eancia \u00e9 covardia com o trabalhador, diz Paulo Paim"},"content":{"rendered":"<p>O senador Paulo Paim (PT-RS) disse nessa quinta-feira, 11, em Plen\u00e1rio, que seria uma covardia com os trabalhadores aprovar neste ano a proposta do governo Temer para a reforma da Previd\u00eancia. O projeto, que est\u00e1 na C\u00e2mara dos Deputados, prev\u00ea, entre outros pontos, que seria necess\u00e1rio contribuir por 49 anos para obter a aposentadoria integral.<\/p>\n<p>Segundo Paim, not\u00edcias apontam que Michel Temer vai tentar fazer avan\u00e7ar a proposta ap\u00f3s as elei\u00e7\u00f5es.<\/p>\n<p>\u201cA m\u00e9dia de emprego de um trabalhador \u00e9 de 9 meses de trabalho em cada 12 meses. Se essa reforma passar, ele vai se aposentar com 84 anos. Seria uma covardia aprovar essa reforma\u201d disse.<\/p>\n<p>O senador tamb\u00e9m defendeu a revoga\u00e7\u00e3o da Emenda Constitucional 95, que congelou os investimentos p\u00fablicos por 20 anos, da reforma trabalhista e de ideias levantadas durante o per\u00edodo eleitoral, como o fim do 13\u00ba sal\u00e1rio e diminui\u00e7\u00e3o de f\u00e9rias.<\/p>\n<p>\u201cSe tentarem tirar as f\u00e9rias do trabalhador e o 13\u00ba, s\u00f3 por cima do meu cad\u00e1ver\u201d afirmou.<\/p>\n<p>&nbsp;<\/p>\n<p>Fonte: Ag\u00eancia Brasil<\/p>\n","protected":false},"excerpt":{"rendered":"<p>O senador Paulo Paim (PT-RS) disse nessa quinta-feira, 11, em Plen\u00e1rio, que seria uma covardia com os trabalhadores aprovar neste ano a proposta do governo Temer para a reforma da Previd\u00eancia. O projeto, que est\u00e1 na C\u00e2mara dos Deputados, prev\u00ea, entre outros pontos, que seria necess\u00e1rio contribuir por 49 anos para obter a aposentadoria integral. [&hellip;]<\/p>\n","protected":false},"author":96,"featured_media":122441,"comment_status":"closed","ping_status":"closed","sticky":false,"template":"","format":"standard","meta":{"footnotes":""},"categories":[436,254,439],"tags":[],"class_list":["post-122439","post","type-post","status-publish","format-standard","has-post-thumbnail","hentry","category-destaque-da-semana","category-politica","category-ultima-hora"],"_links":{"self":[{"href":"https:\/\/diarioregionaldigital.com.br\/index.php?rest_route=\/wp\/v2\/posts\/122439","targetHints":{"allow":["GET"]}}],"collection":[{"href":"https:\/\/diarioregionaldigital.com.br\/index.php?rest_route=\/wp\/v2\/posts"}],"about":[{"href":"https:\/\/diarioregionaldigital.com.br\/index.php?rest_route=\/wp\/v2\/types\/post"}],"author":[{"embeddable":true,"href":"https:\/\/diarioregionaldigital.com.br\/index.php?rest_route=\/wp\/v2\/users\/96"}],"replies":[{"embeddable":true,"href":"https:\/\/diarioregionaldigital.com.br\/index.php?rest_route=%2Fwp%2Fv2%2Fcomments&post=122439"}],"version-history":[{"count":0,"href":"https:\/\/diarioregionaldigital.com.br\/index.php?rest_route=\/wp\/v2\/posts\/122439\/revisions"}],"wp:featuredmedia":[{"embeddable":true,"href":"https:\/\/diarioregionaldigital.com.br\/index.php?rest_route=\/wp\/v2\/media\/122441"}],"wp:attachment":[{"href":"https:\/\/diarioregionaldigital.com.br\/index.php?rest_route=%2Fwp%2Fv2%2Fmedia&parent=122439"}],"wp:term":[{"taxonomy":"category","embeddable":true,"href":"https:\/\/diarioregionaldigital.com.br\/index.php?rest_route=%2Fwp%2Fv2%2Fcategories&post=122439"},{"taxonomy":"post_tag","embeddable":true,"href":"https:\/\/diarioregionaldigital.com.br\/index.php?rest_route=%2Fwp%2Fv2%2Ftags&post=122439"}],"curies":[{"name":"wp","href":"https:\/\/api.w.org\/{rel}","templated":true}]}}