{"id":122421,"date":"2018-10-11T13:01:08","date_gmt":"2018-10-11T16:01:08","guid":{"rendered":"https:\/\/diarioregionaldigital.com.br\/?p=122421"},"modified":"2018-10-11T13:01:55","modified_gmt":"2018-10-11T16:01:55","slug":"quadro-de-horarios-das-linhas-do-transporte-coletivo-sao-alterados-no-feriado","status":"publish","type":"post","link":"https:\/\/diarioregionaldigital.com.br\/?p=122421","title":{"rendered":"Quadro de hor\u00e1rios das linhas do transporte coletivo s\u00e3o alterados no feriado"},"content":{"rendered":"<p>Devido ao feriado de Nossa Senhora Aparecida, nesta sexta-feira, 12, e tamb\u00e9m ao feriado escolar do Dia do Professor, na segunda-feira, 15, a Secretaria de Transporte e Tr\u00e2nsito (Settra) da Prefeitura de Juiz de Fora (PJF) far\u00e1 altera\u00e7\u00e3o no quadro de hor\u00e1rios das linhas do Transporte Coletivo da cidade.<\/p>\n<p>No s\u00e1bado, 13, a partir das 10 horas, os \u00f4nibus passam a operar com 71% da frota conforme o quadro de hor\u00e1rios dos domingos. J\u00e1 na segunda-feira, 15, os ve\u00edculos seguir\u00e3o viagens com 83% da frota de acordo com o quadro de hor\u00e1rios dos s\u00e1bados.<\/p>\n<p>O novo planejamento foi estabelecido ap\u00f3s o Departamento de Transporte P\u00fablico (DTP) da Settra realizar an\u00e1lises sobre a demanda de passageiros durante feriados, considerando o comportamento dos usu\u00e1rios do transporte coletivo nos anos anteriores. \u201cComo foi verificado que durante estes dias h\u00e1 uma redu\u00e7\u00e3o de pessoas andando de \u00f4nibus, fizemos este planejamento para garantir a oferta de ve\u00edculos nas linhas de acordo com a procura, adequando o sistema\u201d, explicou a gerente do DTP, Andrea Santos.<\/p>\n<p>No entanto, toda a opera\u00e7\u00e3o ser\u00e1 monitorada para assegurar o bom funcionamento e realizar ajuste caso sejam necess\u00e1rios.<\/p>\n<p><b>Zona Rural e UFJF<\/b><\/p>\n<p>O atendimento aos usu\u00e1rios das linhas 525, 535, 545 e 555 da Universidade Federal de Juiz de Fora (UFJF) ter\u00e3o atendimento normal. Assim como os ve\u00edculos que circulam na Zona Rural de Juiz de Fora.<\/p>\n<p><b>Hor\u00e1rio e itiner\u00e1rio<\/b><\/p>\n<p>Os hor\u00e1rios e itiner\u00e1rios dos \u00f4nibus de transporte coletivo podem ser conferidos no Portal da PJF:\u00a0<a href=\"https:\/\/www.pjf.mg.gov.br\/onibus\/index.php\">www.pjf.mg.gov.br\/\u00f4nibus<\/a>. Neste mesmo endere\u00e7o eletr\u00f4nico ou pelo aplicativo CittaMobi o passageiros, ainda, tem a possibilidade de fazer o acompanhamento em tempo real da viagem, ou seja, a localiza\u00e7\u00e3o exata do \u00f4nibus.<\/p>\n<p>&nbsp;<\/p>\n<p>Fonte: Assessoria PJF<\/p>\n","protected":false},"excerpt":{"rendered":"<p>Devido ao feriado de Nossa Senhora Aparecida, nesta sexta-feira, 12, e tamb\u00e9m ao feriado escolar do Dia do Professor, na segunda-feira, 15, a Secretaria de Transporte e Tr\u00e2nsito (Settra) da Prefeitura de Juiz de Fora (PJF) far\u00e1 altera\u00e7\u00e3o no quadro de hor\u00e1rios das linhas do Transporte Coletivo da cidade. No s\u00e1bado, 13, a partir das [&hellip;]<\/p>\n","protected":false},"author":96,"featured_media":122422,"comment_status":"closed","ping_status":"closed","sticky":false,"template":"","format":"standard","meta":{"footnotes":""},"categories":[253,439],"tags":[],"class_list":["post-122421","post","type-post","status-publish","format-standard","has-post-thumbnail","hentry","category-cidade","category-ultima-hora"],"_links":{"self":[{"href":"https:\/\/diarioregionaldigital.com.br\/index.php?rest_route=\/wp\/v2\/posts\/122421","targetHints":{"allow":["GET"]}}],"collection":[{"href":"https:\/\/diarioregionaldigital.com.br\/index.php?rest_route=\/wp\/v2\/posts"}],"about":[{"href":"https:\/\/diarioregionaldigital.com.br\/index.php?rest_route=\/wp\/v2\/types\/post"}],"author":[{"embeddable":true,"href":"https:\/\/diarioregionaldigital.com.br\/index.php?rest_route=\/wp\/v2\/users\/96"}],"replies":[{"embeddable":true,"href":"https:\/\/diarioregionaldigital.com.br\/index.php?rest_route=%2Fwp%2Fv2%2Fcomments&post=122421"}],"version-history":[{"count":0,"href":"https:\/\/diarioregionaldigital.com.br\/index.php?rest_route=\/wp\/v2\/posts\/122421\/revisions"}],"wp:featuredmedia":[{"embeddable":true,"href":"https:\/\/diarioregionaldigital.com.br\/index.php?rest_route=\/wp\/v2\/media\/122422"}],"wp:attachment":[{"href":"https:\/\/diarioregionaldigital.com.br\/index.php?rest_route=%2Fwp%2Fv2%2Fmedia&parent=122421"}],"wp:term":[{"taxonomy":"category","embeddable":true,"href":"https:\/\/diarioregionaldigital.com.br\/index.php?rest_route=%2Fwp%2Fv2%2Fcategories&post=122421"},{"taxonomy":"post_tag","embeddable":true,"href":"https:\/\/diarioregionaldigital.com.br\/index.php?rest_route=%2Fwp%2Fv2%2Ftags&post=122421"}],"curies":[{"name":"wp","href":"https:\/\/api.w.org\/{rel}","templated":true}]}}