{"id":122366,"date":"2018-10-11T06:00:14","date_gmt":"2018-10-11T09:00:14","guid":{"rendered":"https:\/\/diarioregionaldigital.com.br\/?p=122366"},"modified":"2018-10-10T21:19:18","modified_gmt":"2018-10-11T00:19:18","slug":"dentro-de-nos-existe-uma-fonte-de-forca","status":"publish","type":"post","link":"https:\/\/diarioregionaldigital.com.br\/?p=122366","title":{"rendered":"Dentro de n\u00f3s Existe uma Fonte de For\u00e7a"},"content":{"rendered":"<p style=\"text-align: center;\"><strong>Dentro de n\u00f3s existe uma Fonte de For\u00e7a <\/strong><\/p>\n<p style=\"text-align: center;\">O pensamento iluminador consiste em ensinar que dentro de cada um de n\u00f3s existe uma fonte de for\u00e7a, a fonte da Vida. Em suma, ensina que Deus habita o interior de cada pessoa e que o pensamento ativa e direciona a exterioriza\u00e7\u00e3o adequada dessa For\u00e7a de Deus. O pensamento \u00e9 o &#8220;estado mental de agora&#8221;. A manifesta\u00e7\u00e3o da infinita for\u00e7a vital que existe dentro de n\u00f3s s\u00f3 depende do rumo que damos ao nosso pensamento aqui e agora. Somos n\u00f3s pr\u00f3prios o timoneiro de nossa mente. O que guia a mente n\u00e3o \u00e9 o pensamento do passado, nem do futuro, mas o modo como pensamos agora. Se efetuarmos uma mudan\u00e7a realmente positiva no nosso pensamento, brotar\u00e1 do nosso interior a for\u00e7a infinita.<\/p>\n<p style=\"text-align: center;\"><strong>Todos j\u00e1 Experienciaram algum efeito da For\u00e7a Mental<\/strong><\/p>\n<p style=\"text-align: center;\">Existem in\u00fameros exemplos de pessoas que recuperaram a sa\u00fade gra\u00e7as \u00e0 for\u00e7a mental. Muitos doentes, que haviam sido desenganados pelos m\u00e9dicos, obtiveram cura em pouco tempo ao ler o livro A Verdade da Vida e mudar completamente a atitude mental err\u00f4nea que mantinham at\u00e9 ent\u00e3o. Melhora da sorte, melhora do desempenho no trabalho ou na escola, hostilidade dos outros, simpatia dos outros, enfim, todos os fatos que ocorrem em nossa vida, sejam bons ou maus, s\u00e3o efeitos da nossa for\u00e7a mental. Todos n\u00f3s j\u00e1 experienciamos algum efeito da for\u00e7a mental. Quando ficamos com raiva, o sangue nos sobe \u00e0 cabe\u00e7a; quando mostramos fisionomia zangada a algu\u00e9m, ele tamb\u00e9m fica com a cara fechada; quando sentimos muito medo, o batimento card\u00edaco se acelera. Uma pessoa que tem medo da pol\u00edcia fica inquieta e assustada ao ter de passar diante de um posto policial e acaba levantando suspeita, um estudante ou um funcion\u00e1rio que costuma gazetear, ao se ver diante do professor ou do chefe, n\u00e3o se sente \u00e0 vontade. As pessoas que t\u00eam a consci\u00eancia maculada n\u00e3o causam boa impress\u00e3o aos outros, n\u00e3o despertam simpatia. Por isso, n\u00e3o importa aonde forem, ser\u00e3o tratadas com frieza ou indiferen\u00e7a. Como podemos perceber, a atitude mental n\u00e3o s\u00f3 influi no corpo, como tamb\u00e9m acaba mudando o destino da pessoa. Os vitoriosos deste mundo s\u00e3o pessoas que souberam controlar bem o &#8220;leme&#8221; da pr\u00f3pria mente em cada momento da sua vida.<\/p>\n","protected":false},"excerpt":{"rendered":"<p>Dentro de n\u00f3s existe uma Fonte de For\u00e7a O pensamento iluminador consiste em ensinar que dentro de cada um de n\u00f3s existe uma fonte de for\u00e7a, a fonte da Vida. Em suma, ensina que Deus habita o interior de cada pessoa e que o pensamento ativa e direciona a exterioriza\u00e7\u00e3o adequada dessa For\u00e7a de Deus. [&hellip;]<\/p>\n","protected":false},"author":96,"featured_media":0,"comment_status":"closed","ping_status":"closed","sticky":false,"template":"","format":"standard","meta":{"footnotes":""},"categories":[263],"tags":[],"class_list":["post-122366","post","type-post","status-publish","format-standard","hentry","category-jane-aragao"],"_links":{"self":[{"href":"https:\/\/diarioregionaldigital.com.br\/index.php?rest_route=\/wp\/v2\/posts\/122366","targetHints":{"allow":["GET"]}}],"collection":[{"href":"https:\/\/diarioregionaldigital.com.br\/index.php?rest_route=\/wp\/v2\/posts"}],"about":[{"href":"https:\/\/diarioregionaldigital.com.br\/index.php?rest_route=\/wp\/v2\/types\/post"}],"author":[{"embeddable":true,"href":"https:\/\/diarioregionaldigital.com.br\/index.php?rest_route=\/wp\/v2\/users\/96"}],"replies":[{"embeddable":true,"href":"https:\/\/diarioregionaldigital.com.br\/index.php?rest_route=%2Fwp%2Fv2%2Fcomments&post=122366"}],"version-history":[{"count":0,"href":"https:\/\/diarioregionaldigital.com.br\/index.php?rest_route=\/wp\/v2\/posts\/122366\/revisions"}],"wp:attachment":[{"href":"https:\/\/diarioregionaldigital.com.br\/index.php?rest_route=%2Fwp%2Fv2%2Fmedia&parent=122366"}],"wp:term":[{"taxonomy":"category","embeddable":true,"href":"https:\/\/diarioregionaldigital.com.br\/index.php?rest_route=%2Fwp%2Fv2%2Fcategories&post=122366"},{"taxonomy":"post_tag","embeddable":true,"href":"https:\/\/diarioregionaldigital.com.br\/index.php?rest_route=%2Fwp%2Fv2%2Ftags&post=122366"}],"curies":[{"name":"wp","href":"https:\/\/api.w.org\/{rel}","templated":true}]}}