{"id":122345,"date":"2018-10-10T20:09:56","date_gmt":"2018-10-10T23:09:56","guid":{"rendered":"https:\/\/diarioregionaldigital.com.br\/?p=122345"},"modified":"2018-10-11T21:31:05","modified_gmt":"2018-10-12T00:31:05","slug":"policia-civil-prende-grupo-e-apreende-uma-tonelada-de-maconha-em-juiz-de-fora","status":"publish","type":"post","link":"https:\/\/diarioregionaldigital.com.br\/?p=122345","title":{"rendered":"Pol\u00edcia Civil prende grupo e apreende uma tonelada de maconha em Juiz de Fora"},"content":{"rendered":"<p>A Pol\u00edcia Civil de Juiz de Fora, atrav\u00e9s da Delegacia Especializada Antidrogas, realizou uma opera\u00e7\u00e3o nesta quarta-feira, 10. Durante a a\u00e7\u00e3o, cinco pessoas foram presas e 1 tonelada de maconha, muni\u00e7\u00f5es, armas brancas, balan\u00e7as, sacos pl\u00e1sticos para embalar as drogas e carros foram apreendidos em locais diferentes da cidade.<\/p>\n<p>A Pol\u00edcia Civil estava investigando esse grupo h\u00e1 pouco mais de dois meses. Eles receberam a informa\u00e7\u00e3o a respeito de um tr\u00e1fico de droga envolvendo uma grande quantidade de maconha que chegaa Juiz de Fora. De acordo com o Delegado Rog\u00e9rio Woyame, respons\u00e1vel pelo caso, as informa\u00e7\u00f5es eram de que a droga chega em caminh\u00f5es, que vinham do Mato Grosso do Sul, e ficava em uma esp\u00e9cie de dep\u00f3sito pr\u00f3ximo a BR, para n\u00e3o chamar aten\u00e7\u00e3o. Ap\u00f3s chegar nesse local, a droga era transferida para carros menores e distribu\u00edda na cidade. A partir dessa informa\u00e7\u00e3o, os policiais come\u00e7aram a monitorar alguns suspeitos de envolvimento nesse crime.<\/p>\n<p>A opera\u00e7\u00e3o que resultou na pris\u00e3o do grupo teve in\u00edcio \u00e0s 2h da madrugada desta quarta e se estendeu ao longo do dia, terminando na parte da tarde de hoje. A droga estava distribu\u00edda em diferentes pontos da cidade, localizados nos bairros S\u00e3o Pedro, Benfica, Nova Era, Vitorino Braga e Nova Calif\u00f3rnia, onde ficava o galp\u00e3o em que os entorpecentes eram escondidos.<\/p>\n<p>O primeiro envolvido foi preso no bairro Benfica, no in\u00edcio da manh\u00e3 de hoje, onde ele foi preso em flagrante. Com ele foram apreendidos aproximadamente 10kg de maconha e mais de 500 muni\u00e7\u00f5es, 9mm e calibre magno. A partir da apreens\u00e3o do primeiro indiv\u00edduo, os Civis se deslocaram para outro ponto, localizado no bairro S\u00e3o Pedro, onde a maior parte da droga estava alojada. Neste local foram apreendidos mais de 830 tabletes de maconha, totalizando cerca de 1 tonelada desta droga.<\/p>\n<div id=\"attachment_122349\" style=\"width: 1034px\" class=\"wp-caption aligncenter\"><img loading=\"lazy\" decoding=\"async\" aria-describedby=\"caption-attachment-122349\" class=\"wp-image-122349 size-large\" src=\"https:\/\/diarioregionaldigital.com.br\/wp-content\/uploads\/2018\/10\/RAFAELA-FRUTUOSO-USAR-ESSA-2-2-1024x683.jpg\" alt=\"\" width=\"1024\" height=\"683\" srcset=\"https:\/\/diarioregionaldigital.com.br\/wp-content\/uploads\/2018\/10\/RAFAELA-FRUTUOSO-USAR-ESSA-2-2-1024x683.jpg 1024w, https:\/\/diarioregionaldigital.com.br\/wp-content\/uploads\/2018\/10\/RAFAELA-FRUTUOSO-USAR-ESSA-2-2-300x200.jpg 300w, https:\/\/diarioregionaldigital.com.br\/wp-content\/uploads\/2018\/10\/RAFAELA-FRUTUOSO-USAR-ESSA-2-2-768x512.jpg 768w, https:\/\/diarioregionaldigital.com.br\/wp-content\/uploads\/2018\/10\/RAFAELA-FRUTUOSO-USAR-ESSA-2-2-360x240.jpg 360w\" sizes=\"auto, (max-width: 1024px) 100vw, 1024px\" \/><p id=\"caption-attachment-122349\" class=\"wp-caption-text\">Foto: Rafaela Frutuoso<\/p><\/div>\n<p>Al\u00e9m disso, o delegado explicou que outra equipe que tamb\u00e9m estava atuando na opera\u00e7\u00e3o, deslocou-se para o bairro Nova Era, onde estava outro rapaz, morador do bairro, que tamb\u00e9m era monitorado pelos policiais. Junto desse autor, tamb\u00e9m foram presos outros dois indiv\u00edduos que estavam comprando droga no local no momento da pris\u00e3o. Ainda no mesmo bairro, a esposa desse autor tamb\u00e9m estava no lugar e foi presa junto ao grupo. Segundo a Pol\u00edcia Civil, a suspeita precisou de atendimento m\u00e9dico, pois ficou nervosa com a a\u00e7\u00e3o dos policiais. Outro detalhe \u00e9 que este mesmo envolvido possu\u00eda um outro endere\u00e7o onde outros itens, como embalagem para drogas, foram apreendidos.<\/p>\n<div id=\"attachment_122348\" style=\"width: 1034px\" class=\"wp-caption aligncenter\"><img loading=\"lazy\" decoding=\"async\" aria-describedby=\"caption-attachment-122348\" class=\"wp-image-122348 size-large\" src=\"https:\/\/diarioregionaldigital.com.br\/wp-content\/uploads\/2018\/10\/RAFAELA-FRUTUOSO-USAR-ESSA-3-1024x683.jpg\" alt=\"\" width=\"1024\" height=\"683\" srcset=\"https:\/\/diarioregionaldigital.com.br\/wp-content\/uploads\/2018\/10\/RAFAELA-FRUTUOSO-USAR-ESSA-3-1024x683.jpg 1024w, https:\/\/diarioregionaldigital.com.br\/wp-content\/uploads\/2018\/10\/RAFAELA-FRUTUOSO-USAR-ESSA-3-300x200.jpg 300w, https:\/\/diarioregionaldigital.com.br\/wp-content\/uploads\/2018\/10\/RAFAELA-FRUTUOSO-USAR-ESSA-3-768x512.jpg 768w, https:\/\/diarioregionaldigital.com.br\/wp-content\/uploads\/2018\/10\/RAFAELA-FRUTUOSO-USAR-ESSA-3-360x240.jpg 360w\" sizes=\"auto, (max-width: 1024px) 100vw, 1024px\" \/><p id=\"caption-attachment-122348\" class=\"wp-caption-text\">Foto: Rafaela Frutuoso<\/p><\/div>\n<p>O delegado Rog\u00e9rio Woyame ainda informou que dentro do galp\u00e3o foram apreendidos um caminh\u00e3o, em excelentes condi\u00e7\u00f5es, que transportava a droga de Mato Grosso para Juiz de Fora, e tamb\u00e9m um P\u00e1lio, que est\u00e1 sendo apurado devido ao envolvimento desse ve\u00edculo em diversos crimes praticados na cidade.<\/p>\n<p>Ainda de acordo com os policiais que atuaram nessa opera\u00e7\u00e3o os tabletes eram vendidos por valores entre R$1.200 e R$1.500 reais aproximadamente. O delegado informou que a apreens\u00e3o representa um baque de R$1 milh\u00e3o de reais ao tr\u00e1fico da cidade.<\/p>\n<p>Todos os detidos foram conduzidos para a Delegacia Regional, em Santa Terezinha. A Pol\u00edcia Civil vai continuar investigando o caso. A suspeita \u00e9 que mais pessoas estejam envolvidas nesta a\u00e7\u00e3o.<\/p>\n","protected":false},"excerpt":{"rendered":"<p>A Pol\u00edcia Civil de Juiz de Fora, atrav\u00e9s da Delegacia Especializada Antidrogas, realizou uma opera\u00e7\u00e3o nesta quarta-feira, 10. Durante a a\u00e7\u00e3o, cinco pessoas foram presas e 1 tonelada de maconha, muni\u00e7\u00f5es, armas brancas, balan\u00e7as, sacos pl\u00e1sticos para embalar as drogas e carros foram apreendidos em locais diferentes da cidade. A Pol\u00edcia Civil estava investigando esse [&hellip;]<\/p>\n","protected":false},"author":96,"featured_media":122346,"comment_status":"closed","ping_status":"closed","sticky":false,"template":"","format":"standard","meta":{"footnotes":""},"categories":[301,253,436,440,439],"tags":[],"class_list":["post-122345","post","type-post","status-publish","format-standard","has-post-thumbnail","hentry","category-artigos-policiais","category-cidade","category-destaque-da-semana","category-destaques-do-dia","category-ultima-hora"],"_links":{"self":[{"href":"https:\/\/diarioregionaldigital.com.br\/index.php?rest_route=\/wp\/v2\/posts\/122345","targetHints":{"allow":["GET"]}}],"collection":[{"href":"https:\/\/diarioregionaldigital.com.br\/index.php?rest_route=\/wp\/v2\/posts"}],"about":[{"href":"https:\/\/diarioregionaldigital.com.br\/index.php?rest_route=\/wp\/v2\/types\/post"}],"author":[{"embeddable":true,"href":"https:\/\/diarioregionaldigital.com.br\/index.php?rest_route=\/wp\/v2\/users\/96"}],"replies":[{"embeddable":true,"href":"https:\/\/diarioregionaldigital.com.br\/index.php?rest_route=%2Fwp%2Fv2%2Fcomments&post=122345"}],"version-history":[{"count":0,"href":"https:\/\/diarioregionaldigital.com.br\/index.php?rest_route=\/wp\/v2\/posts\/122345\/revisions"}],"wp:featuredmedia":[{"embeddable":true,"href":"https:\/\/diarioregionaldigital.com.br\/index.php?rest_route=\/wp\/v2\/media\/122346"}],"wp:attachment":[{"href":"https:\/\/diarioregionaldigital.com.br\/index.php?rest_route=%2Fwp%2Fv2%2Fmedia&parent=122345"}],"wp:term":[{"taxonomy":"category","embeddable":true,"href":"https:\/\/diarioregionaldigital.com.br\/index.php?rest_route=%2Fwp%2Fv2%2Fcategories&post=122345"},{"taxonomy":"post_tag","embeddable":true,"href":"https:\/\/diarioregionaldigital.com.br\/index.php?rest_route=%2Fwp%2Fv2%2Ftags&post=122345"}],"curies":[{"name":"wp","href":"https:\/\/api.w.org\/{rel}","templated":true}]}}