{"id":122341,"date":"2018-10-10T19:58:38","date_gmt":"2018-10-10T22:58:38","guid":{"rendered":"https:\/\/diarioregionaldigital.com.br\/?p=122341"},"modified":"2018-10-11T10:18:07","modified_gmt":"2018-10-11T13:18:07","slug":"em-comemoracao-ao-outubro-rosa-ascomovel-oferece-exames-gratuitos","status":"publish","type":"post","link":"https:\/\/diarioregionaldigital.com.br\/?p=122341","title":{"rendered":"Em comemora\u00e7\u00e3o ao outubro rosa, Ascom\u00f3vel oferece exames gratuitos"},"content":{"rendered":"<p>A Associa\u00e7\u00e3o Feminina de Preven\u00e7\u00e3o e Combate ao C\u00e2ncer de Juiz de Fora (ASCOMCER) estar\u00e1 realizando uma a\u00e7\u00e3o nesta quinta-feira, 11, onde ser\u00e3o distribu\u00eddas 35 senhas para as mulheres interessadas em realizar exames cl\u00ednicos das mamas e receber orienta\u00e7\u00f5es de sa\u00fade de forma gratuita. Os atendimentos ser\u00e3o feitos no \u00f4nibus itinerante do hospital, ASCOM\u00d3VEL, que estar\u00e1 estacionado na Av. Presidente Itamar Franco, 2.800, Cascatinha, regi\u00e3o central, \u00e0s 16h, em frente \u00e0 imobili\u00e1ria Souza Gomes, parceira do ato. A iniciativa faz parte da campanha Outubro Rosa.<\/p>\n<p>As mulheres que comparecerem ao local devem estar com a identidade e o cart\u00e3o do SUS em m\u00e3os. \u201cN\u00f3s ficamos muito felizes pelo convite para o evento, porque a institui\u00e7\u00e3o vem passando por um momento de crise, de necessidade, e a \u00fanica forma que a gente tem de exercer isso, e o paciente n\u00e3o ficar prejudicado, \u00e9 com essas a\u00e7\u00f5es que a pr\u00f3pria popula\u00e7\u00e3o e as empresas prop\u00f5em\u201d, pontuou Alessandra Sampaio, presidente da Ascomcer.<\/p>\n<p>Sampaio ainda destaca que a doa\u00e7\u00e3o da Souza Gomes funcionar\u00e1 da seguinte forma: as pessoas que comparecerem \u00e0 imobili\u00e1ria e fizerem algum tipo de neg\u00f3cio com a empresa, parte do valor ser\u00e1 destinado para o hospital, sendo revertido em rem\u00e9dios quimioter\u00e1picos para os pacientes.<\/p>\n<p>\u00c9 importante destacar que as mulheres com prioridades s\u00e3o de 50 a 70 anos com direito \u00e0 mamografia gratuita pelo SUS. Fora desta faixa et\u00e1ria, o encaminhamento ser\u00e1 feito pelo m\u00e9dico, quando h\u00e1 o diagn\u00f3stico do c\u00e2ncer.<\/p>\n<p>Para Alessandra, \u201ca equipe de sa\u00fade procura levar a conscientiza\u00e7\u00e3o para as mulheres, porque sabem que o c\u00e2ncer sai muito mais caro que a preven\u00e7\u00e3o, principalmente por ser um tumor que mais mata o sexo feminino em todo o mundo\u201d, disse, completando o di\u00e1logo que \u00e9 important\u00edssimo neste momento.<\/p>\n<p><strong>\u00a0<\/strong><strong>Como ajudar?<\/strong><\/p>\n<p>A institui\u00e7\u00e3o possui, atualmente, 70 leitos e presta mais de 6 mil atendimentos mensais nos ambulat\u00f3rios e preven\u00e7\u00e3o. Aqueles que quiserem contribuir com alguma doa\u00e7\u00e3o ou prestar alguma assist\u00eancia devem entrar em contato pelo telefone (32)3311-4000 ou atrav\u00e9s do telemarketing.<\/p>\n<p>Al\u00e9m das consultas, o hospital possui dois Bazares Beneficentes, localizados um no centro da cidade (pr\u00f3ximo ao Hiper Bretas) e o outro dentro da pr\u00f3pria institui\u00e7\u00e3o, funcionando todos os dias, das 8h \u00e0s 11h e das 13h \u00e0s 17h.<\/p>\n","protected":false},"excerpt":{"rendered":"<p>A Associa\u00e7\u00e3o Feminina de Preven\u00e7\u00e3o e Combate ao C\u00e2ncer de Juiz de Fora (ASCOMCER) estar\u00e1 realizando uma a\u00e7\u00e3o nesta quinta-feira, 11, onde ser\u00e3o distribu\u00eddas 35 senhas para as mulheres interessadas em realizar exames cl\u00ednicos das mamas e receber orienta\u00e7\u00f5es de sa\u00fade de forma gratuita. Os atendimentos ser\u00e3o feitos no \u00f4nibus itinerante do hospital, ASCOM\u00d3VEL, que [&hellip;]<\/p>\n","protected":false},"author":96,"featured_media":122343,"comment_status":"closed","ping_status":"closed","sticky":false,"template":"","format":"standard","meta":{"footnotes":""},"categories":[253,436,439],"tags":[],"class_list":["post-122341","post","type-post","status-publish","format-standard","has-post-thumbnail","hentry","category-cidade","category-destaque-da-semana","category-ultima-hora"],"_links":{"self":[{"href":"https:\/\/diarioregionaldigital.com.br\/index.php?rest_route=\/wp\/v2\/posts\/122341","targetHints":{"allow":["GET"]}}],"collection":[{"href":"https:\/\/diarioregionaldigital.com.br\/index.php?rest_route=\/wp\/v2\/posts"}],"about":[{"href":"https:\/\/diarioregionaldigital.com.br\/index.php?rest_route=\/wp\/v2\/types\/post"}],"author":[{"embeddable":true,"href":"https:\/\/diarioregionaldigital.com.br\/index.php?rest_route=\/wp\/v2\/users\/96"}],"replies":[{"embeddable":true,"href":"https:\/\/diarioregionaldigital.com.br\/index.php?rest_route=%2Fwp%2Fv2%2Fcomments&post=122341"}],"version-history":[{"count":0,"href":"https:\/\/diarioregionaldigital.com.br\/index.php?rest_route=\/wp\/v2\/posts\/122341\/revisions"}],"wp:featuredmedia":[{"embeddable":true,"href":"https:\/\/diarioregionaldigital.com.br\/index.php?rest_route=\/wp\/v2\/media\/122343"}],"wp:attachment":[{"href":"https:\/\/diarioregionaldigital.com.br\/index.php?rest_route=%2Fwp%2Fv2%2Fmedia&parent=122341"}],"wp:term":[{"taxonomy":"category","embeddable":true,"href":"https:\/\/diarioregionaldigital.com.br\/index.php?rest_route=%2Fwp%2Fv2%2Fcategories&post=122341"},{"taxonomy":"post_tag","embeddable":true,"href":"https:\/\/diarioregionaldigital.com.br\/index.php?rest_route=%2Fwp%2Fv2%2Ftags&post=122341"}],"curies":[{"name":"wp","href":"https:\/\/api.w.org\/{rel}","templated":true}]}}