{"id":122310,"date":"2018-10-10T14:42:59","date_gmt":"2018-10-10T17:42:59","guid":{"rendered":"https:\/\/diarioregionaldigital.com.br\/?p=122310"},"modified":"2018-10-10T14:43:00","modified_gmt":"2018-10-10T17:43:00","slug":"edital-de-vagas-para-joao-xxiii-passa-por-novas-alteracoes","status":"publish","type":"post","link":"https:\/\/diarioregionaldigital.com.br\/?p=122310","title":{"rendered":"Edital de vagas para Jo\u00e3o XXIII passa por novas altera\u00e7\u00f5es"},"content":{"rendered":"<p>O Col\u00e9gio de Aplica\u00e7\u00e3o Jo\u00e3o XXIII publicou nesta quarta-feira, 10, edital retificado sobre realiza\u00e7\u00e3o do sorteio para oferta de 75 vagas para o 1\u00ba ano do ensino fundamental. As mudan\u00e7as s\u00e3o referentes \u00e0 permiss\u00e3o de inscri\u00e7\u00e3o de crian\u00e7as que j\u00e1 se encontram matriculadas e frequentando institui\u00e7\u00f5es educacionais de Educa\u00e7\u00e3o Infantil (creche ou pr\u00e9-escola), mesmo que sua data de nascimento seja posterior ao dia 31 de mar\u00e7o, considerando seus direitos de continuidade e prosseguimento sem reten\u00e7\u00e3o.<\/p>\n<p>Assim, quanto \u00e0 documenta\u00e7\u00e3o, foi acrescentada informa\u00e7\u00e3o de que \u00e9 necess\u00e1rio comprova\u00e7\u00e3o de matr\u00edcula e frequ\u00eancia em institui\u00e7\u00f5es educacionais de Educa\u00e7\u00e3o Infantil (creche ou pr\u00e9-escola), para crian\u00e7as nascidas ap\u00f3s 31 de mar\u00e7o de 2013.<\/p>\n<p>O Jo\u00e3o XXIII oferece 75 vagas destinadas a crian\u00e7as nascidas a partir de 1\u00ba de janeiro de 2012 a 31 de mar\u00e7o de 2013, para ingresso no 1\u00ba ano do ensino fundamental, referentes ao ano letivo de 2019. Al\u00e9m das vagas previstas, ser\u00e3o sorteados mais 25 suplentes para casos de desist\u00eancia. O sorteio das vagas \u00e9 p\u00fablico, aberto aos interessados e ser\u00e1 realizado no dia 24 novembro, \u00e0s 9h30, na quadra do Col\u00e9gio de Aplica\u00e7\u00e3o.<\/p>\n<p>Para este edital o Col\u00e9gio prev\u00ea per\u00edodo de pedido de isen\u00e7\u00e3o da taxa de inscri\u00e7\u00e3o, que acontece entre os dias 15 e 19 de outubro. A diretora geral do Col\u00e9gio de Aplica\u00e7\u00e3o Jo\u00e3o XXIII, Eliete Verbena, refor\u00e7a a import\u00e2ncia democr\u00e1tica da isen\u00e7\u00e3o da taxa. \u201cH\u00e1 pessoas que n\u00e3o podem pagar a taxa de inscri\u00e7\u00e3o e perceb\u00edamos que elas acabavam ficando de fora e o nosso objetivo \u00e9 exatamente garantir o acesso \u00e0 educa\u00e7\u00e3o p\u00fablica e de qualidade a todas as pessoas\u201d.<\/p>\n<p>O valor da inscri\u00e7\u00e3o \u00e9 de R$ 42 e deve ser feita pelo site, e preenchendo o requerimento de inscri\u00e7\u00e3o, informando o n\u00famero do CPF do candidato. O boleto para pagamento da taxa dever\u00e1 ser emitido e impresso durante o processo de inscri\u00e7\u00e3o.<\/p>\n<p>A inscri\u00e7\u00e3o s\u00f3 ser\u00e1 efetivada ap\u00f3s o preenchimento do requerimento e a confirma\u00e7\u00e3o do pagamento do boleto banc\u00e1rio para os candidatos n\u00e3o isentos.<\/p>\n<p><a href=\"http:\/\/www2.ufjf.br\/noticias\/wp-content\/uploads\/sites\/2\/2018\/10\/edital-sorteio-1-ano-2019-retificadoii.pdf\" target=\"_blank\" rel=\"noopener\">Confira o edital.<\/a><\/p>\n<p>&nbsp;<\/p>\n<p>Fonte: Assessoria UFJF<\/p>\n","protected":false},"excerpt":{"rendered":"<p>O Col\u00e9gio de Aplica\u00e7\u00e3o Jo\u00e3o XXIII publicou nesta quarta-feira, 10, edital retificado sobre realiza\u00e7\u00e3o do sorteio para oferta de 75 vagas para o 1\u00ba ano do ensino fundamental. As mudan\u00e7as s\u00e3o referentes \u00e0 permiss\u00e3o de inscri\u00e7\u00e3o de crian\u00e7as que j\u00e1 se encontram matriculadas e frequentando institui\u00e7\u00f5es educacionais de Educa\u00e7\u00e3o Infantil (creche ou pr\u00e9-escola), mesmo que [&hellip;]<\/p>\n","protected":false},"author":96,"featured_media":122311,"comment_status":"closed","ping_status":"closed","sticky":false,"template":"","format":"standard","meta":{"footnotes":""},"categories":[253,440,439],"tags":[],"class_list":["post-122310","post","type-post","status-publish","format-standard","has-post-thumbnail","hentry","category-cidade","category-destaques-do-dia","category-ultima-hora"],"_links":{"self":[{"href":"https:\/\/diarioregionaldigital.com.br\/index.php?rest_route=\/wp\/v2\/posts\/122310","targetHints":{"allow":["GET"]}}],"collection":[{"href":"https:\/\/diarioregionaldigital.com.br\/index.php?rest_route=\/wp\/v2\/posts"}],"about":[{"href":"https:\/\/diarioregionaldigital.com.br\/index.php?rest_route=\/wp\/v2\/types\/post"}],"author":[{"embeddable":true,"href":"https:\/\/diarioregionaldigital.com.br\/index.php?rest_route=\/wp\/v2\/users\/96"}],"replies":[{"embeddable":true,"href":"https:\/\/diarioregionaldigital.com.br\/index.php?rest_route=%2Fwp%2Fv2%2Fcomments&post=122310"}],"version-history":[{"count":0,"href":"https:\/\/diarioregionaldigital.com.br\/index.php?rest_route=\/wp\/v2\/posts\/122310\/revisions"}],"wp:featuredmedia":[{"embeddable":true,"href":"https:\/\/diarioregionaldigital.com.br\/index.php?rest_route=\/wp\/v2\/media\/122311"}],"wp:attachment":[{"href":"https:\/\/diarioregionaldigital.com.br\/index.php?rest_route=%2Fwp%2Fv2%2Fmedia&parent=122310"}],"wp:term":[{"taxonomy":"category","embeddable":true,"href":"https:\/\/diarioregionaldigital.com.br\/index.php?rest_route=%2Fwp%2Fv2%2Fcategories&post=122310"},{"taxonomy":"post_tag","embeddable":true,"href":"https:\/\/diarioregionaldigital.com.br\/index.php?rest_route=%2Fwp%2Fv2%2Ftags&post=122310"}],"curies":[{"name":"wp","href":"https:\/\/api.w.org\/{rel}","templated":true}]}}