{"id":122298,"date":"2018-10-10T14:25:28","date_gmt":"2018-10-10T17:25:28","guid":{"rendered":"https:\/\/diarioregionaldigital.com.br\/?p=122298"},"modified":"2018-10-10T14:27:40","modified_gmt":"2018-10-10T17:27:40","slug":"lucas-paqueta-e-vendido-para-o-milan","status":"publish","type":"post","link":"https:\/\/diarioregionaldigital.com.br\/?p=122298","title":{"rendered":"Flamengo bate o martelo e vende Lucas Paquet\u00e1 ao Milan"},"content":{"rendered":"<p>O Flamengo encaminhou a venda do meia Lucas Paquet\u00e1 ao Milan. O jogador seguir\u00e1 no rubro-negro carioca at\u00e9 o fim do ano e, caso seja aprovado nos exames m\u00e9dicos, embarcar\u00e1 para a It\u00e1lia em janeiro. A informa\u00e7\u00e3o foi divulgada inicialmente pelo canal &#8220;Rafla Mengo&#8221; e confirmada pelo EXTRA.<\/p>\n<p>A negocia\u00e7\u00e3o n\u00e3o se deu pelo valor da multa, estabelecida em 50 milh\u00f5es de euros. Em vez disso, o Milan pagar\u00e1 35 milh\u00f5es por Paquet\u00e1 (R$ 150 milh\u00f5es). O Flamengo ficar\u00e1 com 70% do valor (cerca de R$ 105 milh\u00f5es), enquanto o jogador e seus empres\u00e1rios levar\u00e3o o restante.<\/p>\n<p>A venda de Paquet\u00e1 era considerada inevit\u00e1vel, mas parecia encaminhada para o PSG. Uma reviravolta nos \u00faltimos dias, por\u00e9m, mudou o rumo da negocia\u00e7\u00e3o.<\/p>\n<p>Na semana passada, o empres\u00e1rio do jogador, Eduardo Uram, esteve na It\u00e1lia para se reunir com o brasileiro Leonardo, diretor esportivo do Milan. A boa vontade dos rossoneros fez com que o neg\u00f3cio fosse sacramentado.<\/p>\n<p>O comportamento de Paquet\u00e1 no treinamento desta ter\u00e7a-feira, 9, dava uma pista de que seus dias no Flamengo estavam perto do fim. Ap\u00f3s a atividade no Ninho do Urubu, ele ficou em campo sentado em uma bola enquanto, sozinho, observava os goleiros baterem p\u00eanaltis.<\/p>\n<p>Fonte: Extra<\/p>\n","protected":false},"excerpt":{"rendered":"<p>O Flamengo encaminhou a venda do meia Lucas Paquet\u00e1 ao Milan. O jogador seguir\u00e1 no rubro-negro carioca at\u00e9 o fim do ano e, caso seja aprovado nos exames m\u00e9dicos, embarcar\u00e1 para a It\u00e1lia em janeiro. A informa\u00e7\u00e3o foi divulgada inicialmente pelo canal &#8220;Rafla Mengo&#8221; e confirmada pelo EXTRA. A negocia\u00e7\u00e3o n\u00e3o se deu pelo valor [&hellip;]<\/p>\n","protected":false},"author":96,"featured_media":122301,"comment_status":"closed","ping_status":"closed","sticky":false,"template":"","format":"standard","meta":{"footnotes":""},"categories":[257,439],"tags":[],"class_list":["post-122298","post","type-post","status-publish","format-standard","has-post-thumbnail","hentry","category-esporte","category-ultima-hora"],"_links":{"self":[{"href":"https:\/\/diarioregionaldigital.com.br\/index.php?rest_route=\/wp\/v2\/posts\/122298","targetHints":{"allow":["GET"]}}],"collection":[{"href":"https:\/\/diarioregionaldigital.com.br\/index.php?rest_route=\/wp\/v2\/posts"}],"about":[{"href":"https:\/\/diarioregionaldigital.com.br\/index.php?rest_route=\/wp\/v2\/types\/post"}],"author":[{"embeddable":true,"href":"https:\/\/diarioregionaldigital.com.br\/index.php?rest_route=\/wp\/v2\/users\/96"}],"replies":[{"embeddable":true,"href":"https:\/\/diarioregionaldigital.com.br\/index.php?rest_route=%2Fwp%2Fv2%2Fcomments&post=122298"}],"version-history":[{"count":0,"href":"https:\/\/diarioregionaldigital.com.br\/index.php?rest_route=\/wp\/v2\/posts\/122298\/revisions"}],"wp:featuredmedia":[{"embeddable":true,"href":"https:\/\/diarioregionaldigital.com.br\/index.php?rest_route=\/wp\/v2\/media\/122301"}],"wp:attachment":[{"href":"https:\/\/diarioregionaldigital.com.br\/index.php?rest_route=%2Fwp%2Fv2%2Fmedia&parent=122298"}],"wp:term":[{"taxonomy":"category","embeddable":true,"href":"https:\/\/diarioregionaldigital.com.br\/index.php?rest_route=%2Fwp%2Fv2%2Fcategories&post=122298"},{"taxonomy":"post_tag","embeddable":true,"href":"https:\/\/diarioregionaldigital.com.br\/index.php?rest_route=%2Fwp%2Fv2%2Ftags&post=122298"}],"curies":[{"name":"wp","href":"https:\/\/api.w.org\/{rel}","templated":true}]}}