{"id":122126,"date":"2018-10-09T05:48:02","date_gmt":"2018-10-09T08:48:02","guid":{"rendered":"https:\/\/diarioregionaldigital.com.br\/?p=122126"},"modified":"2018-10-09T09:19:34","modified_gmt":"2018-10-09T12:19:34","slug":"cesama-realiza-intervencoes-e-algumas-regioes-de-juiz-de-fora-podem-ter-abastecimento-comprometido","status":"publish","type":"post","link":"https:\/\/diarioregionaldigital.com.br\/?p=122126","title":{"rendered":"Cesama realiza interven\u00e7\u00f5es e algumas regi\u00f5es de Juiz de Fora podem ter abastecimento comprometido"},"content":{"rendered":"<p>O sistema de abastecimento de algumas regi\u00f5es da cidade podem ficar comprometidos durante os pr\u00f3ximos dias devido a interven\u00e7\u00f5es realizadas pela Companhia de Saneamento Municipal (Cesama). Nesta ter\u00e7a-feira, 9, a empresa ir\u00e1 concluir a instala\u00e7\u00e3o de um macromedidor de vaz\u00e3o no sistema de abastecimento no bairro Alto dos Passos, regi\u00e3o Central de Juiz de Fora.<\/p>\n<p>Os trabalhos fazem parte de um projeto de setoriza\u00e7\u00e3o das zonas de press\u00e3o do sistema na cidade, com objetivo de diminuir o \u00edndice de perdas e estabelecer as zonas de press\u00e3o dentro de casa setor. Para realiza\u00e7\u00e3o desses servi\u00e7os, alguns bairros poder\u00e3o ter o abastecimento comprometido, como:\u00a0Alto dos Passos: Boa Vista, Santa Cec\u00edlia, Mundo Novo e S\u00e3o Mateus.<\/p>\n<p>Em nota, a Cesama divulgou que conta com a compreens\u00e3o da popula\u00e7\u00e3o e orienta os moradores para economia de \u00e1gua. A previs\u00e3o \u00e9 de que o abastecimento seja restabelecido ainda nesta ter\u00e7a-feira.<\/p>\n<p>J\u00e1 nesta quarta-feira, 10, a companhia paralisar\u00e1 a elevat\u00f3ria da &#8220;Zona A&#8221;, para altera\u00e7\u00e3o do sistema de fornecimento de energia el\u00e9trica da unidade. Os servi\u00e7os ser\u00e3o realizados de 9 \u00e0s 15 horas, podem comprometer o abastecimento dos bairros Aeroporto, Granjas do Bosque, Lajinha Green Park, Novo Horizonte, Jardim da Serra e Nova Calif\u00f3rnia.<\/p>\n","protected":false},"excerpt":{"rendered":"<p>O sistema de abastecimento de algumas regi\u00f5es da cidade podem ficar comprometidos durante os pr\u00f3ximos dias devido a interven\u00e7\u00f5es realizadas pela Companhia de Saneamento Municipal (Cesama). Nesta ter\u00e7a-feira, 9, a empresa ir\u00e1 concluir a instala\u00e7\u00e3o de um macromedidor de vaz\u00e3o no sistema de abastecimento no bairro Alto dos Passos, regi\u00e3o Central de Juiz de Fora. [&hellip;]<\/p>\n","protected":false},"author":96,"featured_media":0,"comment_status":"closed","ping_status":"closed","sticky":false,"template":"","format":"standard","meta":{"footnotes":""},"categories":[253,436,440,439],"tags":[],"class_list":["post-122126","post","type-post","status-publish","format-standard","hentry","category-cidade","category-destaque-da-semana","category-destaques-do-dia","category-ultima-hora"],"_links":{"self":[{"href":"https:\/\/diarioregionaldigital.com.br\/index.php?rest_route=\/wp\/v2\/posts\/122126","targetHints":{"allow":["GET"]}}],"collection":[{"href":"https:\/\/diarioregionaldigital.com.br\/index.php?rest_route=\/wp\/v2\/posts"}],"about":[{"href":"https:\/\/diarioregionaldigital.com.br\/index.php?rest_route=\/wp\/v2\/types\/post"}],"author":[{"embeddable":true,"href":"https:\/\/diarioregionaldigital.com.br\/index.php?rest_route=\/wp\/v2\/users\/96"}],"replies":[{"embeddable":true,"href":"https:\/\/diarioregionaldigital.com.br\/index.php?rest_route=%2Fwp%2Fv2%2Fcomments&post=122126"}],"version-history":[{"count":0,"href":"https:\/\/diarioregionaldigital.com.br\/index.php?rest_route=\/wp\/v2\/posts\/122126\/revisions"}],"wp:attachment":[{"href":"https:\/\/diarioregionaldigital.com.br\/index.php?rest_route=%2Fwp%2Fv2%2Fmedia&parent=122126"}],"wp:term":[{"taxonomy":"category","embeddable":true,"href":"https:\/\/diarioregionaldigital.com.br\/index.php?rest_route=%2Fwp%2Fv2%2Fcategories&post=122126"},{"taxonomy":"post_tag","embeddable":true,"href":"https:\/\/diarioregionaldigital.com.br\/index.php?rest_route=%2Fwp%2Fv2%2Ftags&post=122126"}],"curies":[{"name":"wp","href":"https:\/\/api.w.org\/{rel}","templated":true}]}}