{"id":122098,"date":"2018-10-08T19:18:18","date_gmt":"2018-10-08T22:18:18","guid":{"rendered":"https:\/\/diarioregionaldigital.com.br\/?p=122098"},"modified":"2018-10-08T19:18:18","modified_gmt":"2018-10-08T22:18:18","slug":"eleicoes-2018","status":"publish","type":"post","link":"https:\/\/diarioregionaldigital.com.br\/?p=122098","title":{"rendered":"ELEI\u00c7\u00d5ES 2018"},"content":{"rendered":"<p>Para auxiliar os fi\u00e9is no exerc\u00edcio de sua cidadania, a Arquidiocese de Juiz de Fora ofereceu aos seus fi\u00e9is, orienta\u00e7\u00f5es a respeito das atuais elei\u00e7\u00f5es. O texto inspirou-se no Evangelho, na afirma\u00e7\u00e3o do Papa Francisco que diz que\u00a0<em>todos os crist\u00e3os, incluindo os Pastores, s\u00e3o chamados a preocupar-se com a constru\u00e7\u00e3o de um mundo melhor<\/em>\u201d (<em>EvangeliiGaudium<\/em>\u00a0<em>183<\/em>), e na Mensagem da CNBB publicada em abril passado, onde se l\u00ea: \u201c<em>\u00c9 imperativo assegurar que as elei\u00e7\u00f5es sejam realizadas dentro dos princ\u00edpios democr\u00e1ticos e \u00e9ticos para que se restabele\u00e7am a confian\u00e7a e a esperan\u00e7a t\u00e3o abaladas do povo brasileiro (Mensagem 56\u00aa Ass. Geral &#8211; 2018)<\/em>. O texto n\u00e3o tem a pretens\u00e3o de esgotar todos os temas a serem pensados, podendo o eleitor crist\u00e3o se valer de tantos outros pronunciamentos iluminadores da Igreja, da CNBB e da Arquidiocese.<\/p>\n<p>Pelo m\u00e9todo de perguntas e respostas, na mensagem destacam-se alguns temas. O primeiro trata das quest\u00f5es do conhecimento, pois, antes de tudo \u00e9 preciso observar a vida pregressa do candidato (a). Saber se \u00e9 honesto (a), se n\u00e3o est\u00e1 envolvido (a) com corrup\u00e7\u00e3o, ou seja, se tem ficha limpa, conforme a\u00a0Lei 135\/2010, que torna ineleg\u00edvel quem tenha sido condenado em decis\u00e3o proferida por \u00f3rg\u00e3o judicial colegiado. Tal lei foi uma grande conquista do povo brasileiro, atrav\u00e9s da iniciativa popular da CNBB. \u00a0Saber se o candidato (a) \u00e9 competente e preparado (a) para o cargo.<\/p>\n<p>Duas quest\u00f5es versam sobre moral, visando esclarecer sobre ideologia de g\u00eanero e sobre o valor inalien\u00e1vel da vida.\u00a0 Sobre ideologia de g\u00eanero, afirma: a Igreja respeita todas as pessoas sem distin\u00e7\u00e3o de qualquer esp\u00e9cie. Por\u00e9m, tem o dever de alertar seus fi\u00e9is sobre os perigos de falsos conceitos ideol\u00f3gicos. A ideologia de g\u00eanero tenta impor \u00e0 sociedade, sobretudo \u00e0s crian\u00e7as e jovens, que ningu\u00e9m nasce homem ou mulher. Ensina que a identidade sexual \u00e9 uma constru\u00e7\u00e3o pessoal e cultural. Tal ideologia, como afirma o Papa Francisco, \u201c\u00e9 contr\u00e1ria ao plano de Deus; \u00e9 um erro da mente humana que provoca muita confus\u00e3o e ataca a fam\u00edlia\u201d (N\u00e1polis-2015). \u00c9 preciso verificar se o candidato defende a fam\u00edlia, considerando-a como c\u00e9lula-mater da sociedade, onde pai, m\u00e3e e filhos (as) s\u00e3o chamados a formar comunidade de amor e m\u00fatuo compromisso, escola de \u00e9tica e moral e que possa reger-se, livremente, pelas suas convic\u00e7\u00f5es religiosas. Uma das carater\u00edsticas inalien\u00e1veis da fam\u00edlia \u00e9 a gera\u00e7\u00e3o biol\u00f3gica de filhos.<\/p>\n<p>Sobre o direito \u00e0 vida, o texto deixa claro que o aborto \u00e9 assassinato de seres humanos inocentes e indefesos. Fiel a Cristo, \u00e0 ci\u00eancia, e aos direitos humanos, a Igreja defende que a vida humana deve ser respeitada e protegida, de maneira absoluta, desde o momento da fecunda\u00e7\u00e3o at\u00e9 a morte natural, pois trata-se de uma nova vida que, gerada no ventre da m\u00e3e, n\u00e3o \u00e9 parte de seu corpo, mas outra pessoa que tamb\u00e9m merece viver. A Igreja defende a vida de ambos: m\u00e3e e filho (a). Ela ensina tamb\u00e9m que n\u00e3o s\u00f3 a vida dos nascituros deve ser protegida, mas tamb\u00e9m a vida dos jovens, dos adultos e dos idosos, devendo haver pol\u00edticas p\u00fablicas que promovam a vida de forma abrangente. Jesus Cristo veio para \u201c<em>que todos tenham vida e a tenham em abund\u00e2ncia<\/em>\u201d (Jo 10,10).<\/p>\n<p>Temas como sa\u00fade, educa\u00e7\u00e3o, seguran\u00e7a e trabalho, dentre outras, devem estar na pauta principal. \u00c9 importante escolher candidatos que tenham compromisso e reais propostas para resolver tais problemas graves em nosso Pa\u00eds. Haja programas capazes de retirar fam\u00edlias da situa\u00e7\u00e3o de pobreza e a todos proporcionar paz e bem-estar social.<\/p>\n<p>Por fim, quem \u00e9 crist\u00e3o, deve se colocar diante de Deus, em ora\u00e7\u00e3o sincera, pedindo as luzes do Esp\u00edrito Santo para escolher corretamente a quem deve confiar seu voto. Jesus disse:\u00a0<em>At\u00e9 agora nada pedistes! Pedi e recebereis, para que vossa alegria seja completa\u00a0<\/em>(Jo 16, 24). E ainda:\u00a0<em>Se v\u00f3s que sois maus, sabeis dar coisas boas aos vossos filhos, quanto mais o Pai do c\u00e9u saber\u00e1 dar o Esp\u00edrito Santo aos que lho pedem.<\/em>\u00a0\u201d (Lc 11, 13).<\/p>\n<p>Vote com consci\u00eancia e f\u00e9, pois o futuro do Brasil est\u00e1 em suas m\u00e3os.<\/p>\n<p>&nbsp;<\/p>\n<p style=\"text-align: center;\">\n<p style=\"text-align: center;\"><strong>Dom Gil Ant\u00f4nio Moreira<\/strong><\/p>\n<p style=\"text-align: center;\"><strong>Arcebispo Metropolitano de Juiz de Fora<\/strong><\/p>\n<p style=\"text-align: center;\">\n","protected":false},"excerpt":{"rendered":"<p>Para auxiliar os fi\u00e9is no exerc\u00edcio de sua cidadania, a Arquidiocese de Juiz de Fora ofereceu aos seus fi\u00e9is, orienta\u00e7\u00f5es a respeito das atuais elei\u00e7\u00f5es. O texto inspirou-se no Evangelho, na afirma\u00e7\u00e3o do Papa Francisco que diz que\u00a0todos os crist\u00e3os, incluindo os Pastores, s\u00e3o chamados a preocupar-se com a constru\u00e7\u00e3o de um mundo melhor\u201d (EvangeliiGaudium\u00a0183), [&hellip;]<\/p>\n","protected":false},"author":96,"featured_media":0,"comment_status":"closed","ping_status":"closed","sticky":false,"template":"","format":"standard","meta":{"footnotes":""},"categories":[436,276,439],"tags":[],"class_list":["post-122098","post","type-post","status-publish","format-standard","hentry","category-destaque-da-semana","category-dom-gil","category-ultima-hora"],"_links":{"self":[{"href":"https:\/\/diarioregionaldigital.com.br\/index.php?rest_route=\/wp\/v2\/posts\/122098","targetHints":{"allow":["GET"]}}],"collection":[{"href":"https:\/\/diarioregionaldigital.com.br\/index.php?rest_route=\/wp\/v2\/posts"}],"about":[{"href":"https:\/\/diarioregionaldigital.com.br\/index.php?rest_route=\/wp\/v2\/types\/post"}],"author":[{"embeddable":true,"href":"https:\/\/diarioregionaldigital.com.br\/index.php?rest_route=\/wp\/v2\/users\/96"}],"replies":[{"embeddable":true,"href":"https:\/\/diarioregionaldigital.com.br\/index.php?rest_route=%2Fwp%2Fv2%2Fcomments&post=122098"}],"version-history":[{"count":0,"href":"https:\/\/diarioregionaldigital.com.br\/index.php?rest_route=\/wp\/v2\/posts\/122098\/revisions"}],"wp:attachment":[{"href":"https:\/\/diarioregionaldigital.com.br\/index.php?rest_route=%2Fwp%2Fv2%2Fmedia&parent=122098"}],"wp:term":[{"taxonomy":"category","embeddable":true,"href":"https:\/\/diarioregionaldigital.com.br\/index.php?rest_route=%2Fwp%2Fv2%2Fcategories&post=122098"},{"taxonomy":"post_tag","embeddable":true,"href":"https:\/\/diarioregionaldigital.com.br\/index.php?rest_route=%2Fwp%2Fv2%2Ftags&post=122098"}],"curies":[{"name":"wp","href":"https:\/\/api.w.org\/{rel}","templated":true}]}}