{"id":122081,"date":"2018-10-09T06:00:07","date_gmt":"2018-10-09T09:00:07","guid":{"rendered":"https:\/\/diarioregionaldigital.com.br\/?p=122081"},"modified":"2018-10-08T18:54:20","modified_gmt":"2018-10-08T21:54:20","slug":"30-anos-de-colunismo-social","status":"publish","type":"post","link":"https:\/\/diarioregionaldigital.com.br\/?p=122081","title":{"rendered":"30 Anos de Colunismo Social"},"content":{"rendered":"<p style=\"text-align: center;\"><strong><span style=\"font-size: 14pt;\">30 Anos de Colunismo Social<\/span><\/strong><\/p>\n<p style=\"text-align: center;\">Em ritmo de alto astral comemoramos na ter\u00e7a-feira, 9 de outubro, 30 anos de atividades como colunista social em Juiz de Fora, muitos deles no Di\u00e1rio Regional. As boas vibra\u00e7\u00f5es sempre foram a t\u00f4nica da coluna social com ondas de responsabilidade e respeito ao leitor. Hoje evocamos nosso buda interior e vamos festejar no Trade Hotel com a comemora\u00e7\u00e3o \u201cOs Melhores de 2018\u201d. Selecionamos algumas pessoas em fotos especiais para fazer parte desta circunfer\u00eancia astral. Confiram.<\/p>\n<div id=\"attachment_122021\" style=\"width: 690px\" class=\"wp-caption aligncenter\"><img loading=\"lazy\" decoding=\"async\" aria-describedby=\"caption-attachment-122021\" class=\"wp-image-122021\" src=\"https:\/\/diarioregionaldigital.com.br\/wp-content\/uploads\/2018\/10\/fotoa-6.jpg\" alt=\"\" width=\"680\" height=\"491\" srcset=\"https:\/\/diarioregionaldigital.com.br\/wp-content\/uploads\/2018\/10\/fotoa-6.jpg 3207w, https:\/\/diarioregionaldigital.com.br\/wp-content\/uploads\/2018\/10\/fotoa-6-300x217.jpg 300w, https:\/\/diarioregionaldigital.com.br\/wp-content\/uploads\/2018\/10\/fotoa-6-768x554.jpg 768w, https:\/\/diarioregionaldigital.com.br\/wp-content\/uploads\/2018\/10\/fotoa-6-1024x739.jpg 1024w, https:\/\/diarioregionaldigital.com.br\/wp-content\/uploads\/2018\/10\/fotoa-6-360x260.jpg 360w\" sizes=\"auto, (max-width: 680px) 100vw, 680px\" \/><p id=\"caption-attachment-122021\" class=\"wp-caption-text\">Eduardo Gomes e a diretora-executiva do Di\u00e1rio Regional, Fl\u00e1via Arag\u00e3o Platz<\/p><\/div>\n<div id=\"attachment_122022\" style=\"width: 690px\" class=\"wp-caption aligncenter\"><img loading=\"lazy\" decoding=\"async\" aria-describedby=\"caption-attachment-122022\" class=\"wp-image-122022\" src=\"https:\/\/diarioregionaldigital.com.br\/wp-content\/uploads\/2018\/10\/fotoaa-2-e1539034565402.jpg\" alt=\"\" width=\"680\" height=\"482\" srcset=\"https:\/\/diarioregionaldigital.com.br\/wp-content\/uploads\/2018\/10\/fotoaa-2-e1539034565402.jpg 811w, https:\/\/diarioregionaldigital.com.br\/wp-content\/uploads\/2018\/10\/fotoaa-2-e1539034565402-300x213.jpg 300w, https:\/\/diarioregionaldigital.com.br\/wp-content\/uploads\/2018\/10\/fotoaa-2-e1539034565402-768x545.jpg 768w, https:\/\/diarioregionaldigital.com.br\/wp-content\/uploads\/2018\/10\/fotoaa-2-e1539034565402-750x530.jpg 750w, https:\/\/diarioregionaldigital.com.br\/wp-content\/uploads\/2018\/10\/fotoaa-2-e1539034565402-360x255.jpg 360w, https:\/\/diarioregionaldigital.com.br\/wp-content\/uploads\/2018\/10\/fotoaa-2-e1539034565402-100x70.jpg 100w\" sizes=\"auto, (max-width: 680px) 100vw, 680px\" \/><p id=\"caption-attachment-122022\" class=\"wp-caption-text\">A presidente do Sircom Jane Arag\u00e3o<\/p><\/div>\n<div id=\"attachment_122023\" style=\"width: 690px\" class=\"wp-caption aligncenter\"><img loading=\"lazy\" decoding=\"async\" aria-describedby=\"caption-attachment-122023\" class=\"wp-image-122023\" src=\"https:\/\/diarioregionaldigital.com.br\/wp-content\/uploads\/2018\/10\/fotob-4-e1539034592375.jpg\" alt=\"\" width=\"680\" height=\"491\" srcset=\"https:\/\/diarioregionaldigital.com.br\/wp-content\/uploads\/2018\/10\/fotob-4-e1539034592375.jpg 3080w, https:\/\/diarioregionaldigital.com.br\/wp-content\/uploads\/2018\/10\/fotob-4-e1539034592375-300x217.jpg 300w, https:\/\/diarioregionaldigital.com.br\/wp-content\/uploads\/2018\/10\/fotob-4-e1539034592375-768x555.jpg 768w, https:\/\/diarioregionaldigital.com.br\/wp-content\/uploads\/2018\/10\/fotob-4-e1539034592375-1024x740.jpg 1024w, https:\/\/diarioregionaldigital.com.br\/wp-content\/uploads\/2018\/10\/fotob-4-e1539034592375-360x260.jpg 360w\" sizes=\"auto, (max-width: 680px) 100vw, 680px\" \/><p id=\"caption-attachment-122023\" class=\"wp-caption-text\">Eduardo Gomes e a madrinha desta coluna Gemma Brand\u00e3o<\/p><\/div>\n<div id=\"attachment_122024\" style=\"width: 690px\" class=\"wp-caption aligncenter\"><img loading=\"lazy\" decoding=\"async\" aria-describedby=\"caption-attachment-122024\" class=\"wp-image-122024\" src=\"https:\/\/diarioregionaldigital.com.br\/wp-content\/uploads\/2018\/10\/fotobb-e1539034634542.jpg\" alt=\"\" width=\"680\" height=\"567\" srcset=\"https:\/\/diarioregionaldigital.com.br\/wp-content\/uploads\/2018\/10\/fotobb-e1539034634542.jpg 720w, https:\/\/diarioregionaldigital.com.br\/wp-content\/uploads\/2018\/10\/fotobb-e1539034634542-300x250.jpg 300w, https:\/\/diarioregionaldigital.com.br\/wp-content\/uploads\/2018\/10\/fotobb-e1539034634542-360x300.jpg 360w\" sizes=\"auto, (max-width: 680px) 100vw, 680px\" \/><p id=\"caption-attachment-122024\" class=\"wp-caption-text\">Vera Alice Tam e Eduardo Gomes<\/p><\/div>\n<div id=\"attachment_122025\" style=\"width: 690px\" class=\"wp-caption aligncenter\"><img loading=\"lazy\" decoding=\"async\" aria-describedby=\"caption-attachment-122025\" class=\"wp-image-122025\" src=\"https:\/\/diarioregionaldigital.com.br\/wp-content\/uploads\/2018\/10\/fotoc-4.jpg\" alt=\"\" width=\"680\" height=\"512\" srcset=\"https:\/\/diarioregionaldigital.com.br\/wp-content\/uploads\/2018\/10\/fotoc-4.jpg 3087w, https:\/\/diarioregionaldigital.com.br\/wp-content\/uploads\/2018\/10\/fotoc-4-300x226.jpg 300w, https:\/\/diarioregionaldigital.com.br\/wp-content\/uploads\/2018\/10\/fotoc-4-768x578.jpg 768w, https:\/\/diarioregionaldigital.com.br\/wp-content\/uploads\/2018\/10\/fotoc-4-1024x771.jpg 1024w, https:\/\/diarioregionaldigital.com.br\/wp-content\/uploads\/2018\/10\/fotoc-4-360x271.jpg 360w\" sizes=\"auto, (max-width: 680px) 100vw, 680px\" \/><p id=\"caption-attachment-122025\" class=\"wp-caption-text\">Talison Vardiero e Nequitz Miguel<\/p><\/div>\n<div id=\"attachment_122026\" style=\"width: 690px\" class=\"wp-caption aligncenter\"><img loading=\"lazy\" decoding=\"async\" aria-describedby=\"caption-attachment-122026\" class=\"wp-image-122026\" src=\"https:\/\/diarioregionaldigital.com.br\/wp-content\/uploads\/2018\/10\/fotocc-1-e1539034665432.jpg\" alt=\"\" width=\"680\" height=\"518\" srcset=\"https:\/\/diarioregionaldigital.com.br\/wp-content\/uploads\/2018\/10\/fotocc-1-e1539034665432.jpg 957w, https:\/\/diarioregionaldigital.com.br\/wp-content\/uploads\/2018\/10\/fotocc-1-e1539034665432-300x229.jpg 300w, https:\/\/diarioregionaldigital.com.br\/wp-content\/uploads\/2018\/10\/fotocc-1-e1539034665432-768x585.jpg 768w, https:\/\/diarioregionaldigital.com.br\/wp-content\/uploads\/2018\/10\/fotocc-1-e1539034665432-360x274.jpg 360w\" sizes=\"auto, (max-width: 680px) 100vw, 680px\" \/><p id=\"caption-attachment-122026\" class=\"wp-caption-text\">Bruno Ribeiro, Ricardo Alex e Beto Souza<\/p><\/div>\n<div id=\"attachment_122028\" style=\"width: 690px\" class=\"wp-caption aligncenter\"><img loading=\"lazy\" decoding=\"async\" aria-describedby=\"caption-attachment-122028\" class=\"wp-image-122028\" src=\"https:\/\/diarioregionaldigital.com.br\/wp-content\/uploads\/2018\/10\/fotodd-1-e1539034689328.jpg\" alt=\"\" width=\"680\" height=\"484\" srcset=\"https:\/\/diarioregionaldigital.com.br\/wp-content\/uploads\/2018\/10\/fotodd-1-e1539034689328.jpg 914w, https:\/\/diarioregionaldigital.com.br\/wp-content\/uploads\/2018\/10\/fotodd-1-e1539034689328-300x213.jpg 300w, https:\/\/diarioregionaldigital.com.br\/wp-content\/uploads\/2018\/10\/fotodd-1-e1539034689328-768x546.jpg 768w, https:\/\/diarioregionaldigital.com.br\/wp-content\/uploads\/2018\/10\/fotodd-1-e1539034689328-360x256.jpg 360w, https:\/\/diarioregionaldigital.com.br\/wp-content\/uploads\/2018\/10\/fotodd-1-e1539034689328-100x70.jpg 100w\" sizes=\"auto, (max-width: 680px) 100vw, 680px\" \/><p id=\"caption-attachment-122028\" class=\"wp-caption-text\">Marc\u00edlio Gomes<\/p><\/div>\n<div id=\"attachment_122029\" style=\"width: 690px\" class=\"wp-caption aligncenter\"><img loading=\"lazy\" decoding=\"async\" aria-describedby=\"caption-attachment-122029\" class=\"wp-image-122029\" src=\"https:\/\/diarioregionaldigital.com.br\/wp-content\/uploads\/2018\/10\/fotoe-3.jpg\" alt=\"\" width=\"680\" height=\"528\" srcset=\"https:\/\/diarioregionaldigital.com.br\/wp-content\/uploads\/2018\/10\/fotoe-3.jpg 2968w, https:\/\/diarioregionaldigital.com.br\/wp-content\/uploads\/2018\/10\/fotoe-3-300x233.jpg 300w, https:\/\/diarioregionaldigital.com.br\/wp-content\/uploads\/2018\/10\/fotoe-3-768x596.jpg 768w, https:\/\/diarioregionaldigital.com.br\/wp-content\/uploads\/2018\/10\/fotoe-3-1024x795.jpg 1024w, https:\/\/diarioregionaldigital.com.br\/wp-content\/uploads\/2018\/10\/fotoe-3-360x279.jpg 360w\" sizes=\"auto, (max-width: 680px) 100vw, 680px\" \/><p id=\"caption-attachment-122029\" class=\"wp-caption-text\">Nayara Neto, Eduardo Gomes e Nayane Neto<\/p><\/div>\n<div id=\"attachment_122030\" style=\"width: 690px\" class=\"wp-caption aligncenter\"><img loading=\"lazy\" decoding=\"async\" aria-describedby=\"caption-attachment-122030\" class=\"wp-image-122030\" src=\"https:\/\/diarioregionaldigital.com.br\/wp-content\/uploads\/2018\/10\/fotof-3.jpg\" alt=\"\" width=\"680\" height=\"484\" srcset=\"https:\/\/diarioregionaldigital.com.br\/wp-content\/uploads\/2018\/10\/fotof-3.jpg 3299w, https:\/\/diarioregionaldigital.com.br\/wp-content\/uploads\/2018\/10\/fotof-3-300x214.jpg 300w, https:\/\/diarioregionaldigital.com.br\/wp-content\/uploads\/2018\/10\/fotof-3-768x547.jpg 768w, https:\/\/diarioregionaldigital.com.br\/wp-content\/uploads\/2018\/10\/fotof-3-1024x729.jpg 1024w, https:\/\/diarioregionaldigital.com.br\/wp-content\/uploads\/2018\/10\/fotof-3-360x256.jpg 360w, https:\/\/diarioregionaldigital.com.br\/wp-content\/uploads\/2018\/10\/fotof-3-100x70.jpg 100w\" sizes=\"auto, (max-width: 680px) 100vw, 680px\" \/><p id=\"caption-attachment-122030\" class=\"wp-caption-text\">Monica Gomide Guimar\u00e3es, Carlos Henrique Batitucci e Myrliane Le\u00e3o<\/p><\/div>\n<div id=\"attachment_122032\" style=\"width: 690px\" class=\"wp-caption aligncenter\"><img loading=\"lazy\" decoding=\"async\" aria-describedby=\"caption-attachment-122032\" class=\"wp-image-122032\" src=\"https:\/\/diarioregionaldigital.com.br\/wp-content\/uploads\/2018\/10\/fotog-3-e1539034756193.jpg\" alt=\"\" width=\"680\" height=\"529\" srcset=\"https:\/\/diarioregionaldigital.com.br\/wp-content\/uploads\/2018\/10\/fotog-3-e1539034756193.jpg 2268w, https:\/\/diarioregionaldigital.com.br\/wp-content\/uploads\/2018\/10\/fotog-3-e1539034756193-300x233.jpg 300w, https:\/\/diarioregionaldigital.com.br\/wp-content\/uploads\/2018\/10\/fotog-3-e1539034756193-768x597.jpg 768w, https:\/\/diarioregionaldigital.com.br\/wp-content\/uploads\/2018\/10\/fotog-3-e1539034756193-1024x796.jpg 1024w, https:\/\/diarioregionaldigital.com.br\/wp-content\/uploads\/2018\/10\/fotog-3-e1539034756193-360x280.jpg 360w\" sizes=\"auto, (max-width: 680px) 100vw, 680px\" \/><p id=\"caption-attachment-122032\" class=\"wp-caption-text\">Wesley Ferry<\/p><\/div>\n<div id=\"attachment_122034\" style=\"width: 690px\" class=\"wp-caption aligncenter\"><img loading=\"lazy\" decoding=\"async\" aria-describedby=\"caption-attachment-122034\" class=\"wp-image-122034\" src=\"https:\/\/diarioregionaldigital.com.br\/wp-content\/uploads\/2018\/10\/fotoh-5-e1539034790535.jpg\" alt=\"\" width=\"680\" height=\"517\" srcset=\"https:\/\/diarioregionaldigital.com.br\/wp-content\/uploads\/2018\/10\/fotoh-5-e1539034790535.jpg 2965w, https:\/\/diarioregionaldigital.com.br\/wp-content\/uploads\/2018\/10\/fotoh-5-e1539034790535-300x228.jpg 300w, https:\/\/diarioregionaldigital.com.br\/wp-content\/uploads\/2018\/10\/fotoh-5-e1539034790535-768x584.jpg 768w, https:\/\/diarioregionaldigital.com.br\/wp-content\/uploads\/2018\/10\/fotoh-5-e1539034790535-1024x778.jpg 1024w, https:\/\/diarioregionaldigital.com.br\/wp-content\/uploads\/2018\/10\/fotoh-5-e1539034790535-360x274.jpg 360w\" sizes=\"auto, (max-width: 680px) 100vw, 680px\" \/><p id=\"caption-attachment-122034\" class=\"wp-caption-text\">Luciano de Castro, Gilmara Delgado Rocha, Eduardo Gomes, Cris Bissoli e Rafael Bissoli<\/p><\/div>\n<div id=\"attachment_122035\" style=\"width: 690px\" class=\"wp-caption aligncenter\"><img loading=\"lazy\" decoding=\"async\" aria-describedby=\"caption-attachment-122035\" class=\"wp-image-122035\" src=\"https:\/\/diarioregionaldigital.com.br\/wp-content\/uploads\/2018\/10\/fotoi-4-e1539034844476.jpg\" alt=\"\" width=\"680\" height=\"629\" srcset=\"https:\/\/diarioregionaldigital.com.br\/wp-content\/uploads\/2018\/10\/fotoi-4-e1539034844476.jpg 2274w, https:\/\/diarioregionaldigital.com.br\/wp-content\/uploads\/2018\/10\/fotoi-4-e1539034844476-300x277.jpg 300w, https:\/\/diarioregionaldigital.com.br\/wp-content\/uploads\/2018\/10\/fotoi-4-e1539034844476-768x710.jpg 768w, https:\/\/diarioregionaldigital.com.br\/wp-content\/uploads\/2018\/10\/fotoi-4-e1539034844476-1024x947.jpg 1024w, https:\/\/diarioregionaldigital.com.br\/wp-content\/uploads\/2018\/10\/fotoi-4-e1539034844476-360x333.jpg 360w\" sizes=\"auto, (max-width: 680px) 100vw, 680px\" \/><p id=\"caption-attachment-122035\" class=\"wp-caption-text\">Erika Beire e Eduardo Gomes<\/p><\/div>\n<div id=\"attachment_122038\" style=\"width: 690px\" class=\"wp-caption aligncenter\"><img loading=\"lazy\" decoding=\"async\" aria-describedby=\"caption-attachment-122038\" class=\"wp-image-122038\" src=\"https:\/\/diarioregionaldigital.com.br\/wp-content\/uploads\/2018\/10\/fotol-2-e1539034901829.jpg\" alt=\"\" width=\"680\" height=\"555\" srcset=\"https:\/\/diarioregionaldigital.com.br\/wp-content\/uploads\/2018\/10\/fotol-2-e1539034901829.jpg 2321w, https:\/\/diarioregionaldigital.com.br\/wp-content\/uploads\/2018\/10\/fotol-2-e1539034901829-300x245.jpg 300w, https:\/\/diarioregionaldigital.com.br\/wp-content\/uploads\/2018\/10\/fotol-2-e1539034901829-768x627.jpg 768w, https:\/\/diarioregionaldigital.com.br\/wp-content\/uploads\/2018\/10\/fotol-2-e1539034901829-1024x836.jpg 1024w, https:\/\/diarioregionaldigital.com.br\/wp-content\/uploads\/2018\/10\/fotol-2-e1539034901829-220x180.jpg 220w, https:\/\/diarioregionaldigital.com.br\/wp-content\/uploads\/2018\/10\/fotol-2-e1539034901829-360x294.jpg 360w\" sizes=\"auto, (max-width: 680px) 100vw, 680px\" \/><p id=\"caption-attachment-122038\" class=\"wp-caption-text\">Helenise Machado e Sandra Portella<\/p><\/div>\n<div id=\"attachment_122039\" style=\"width: 690px\" class=\"wp-caption aligncenter\"><img loading=\"lazy\" decoding=\"async\" aria-describedby=\"caption-attachment-122039\" class=\"wp-image-122039\" src=\"https:\/\/diarioregionaldigital.com.br\/wp-content\/uploads\/2018\/10\/fotom-e1539034947543.jpg\" alt=\"\" width=\"680\" height=\"599\" srcset=\"https:\/\/diarioregionaldigital.com.br\/wp-content\/uploads\/2018\/10\/fotom-e1539034947543.jpg 2386w, https:\/\/diarioregionaldigital.com.br\/wp-content\/uploads\/2018\/10\/fotom-e1539034947543-300x264.jpg 300w, https:\/\/diarioregionaldigital.com.br\/wp-content\/uploads\/2018\/10\/fotom-e1539034947543-768x677.jpg 768w, https:\/\/diarioregionaldigital.com.br\/wp-content\/uploads\/2018\/10\/fotom-e1539034947543-1024x902.jpg 1024w, https:\/\/diarioregionaldigital.com.br\/wp-content\/uploads\/2018\/10\/fotom-e1539034947543-360x317.jpg 360w, https:\/\/diarioregionaldigital.com.br\/wp-content\/uploads\/2018\/10\/fotom-e1539034947543-555x490.jpg 555w\" sizes=\"auto, (max-width: 680px) 100vw, 680px\" \/><p id=\"caption-attachment-122039\" class=\"wp-caption-text\">Anthoely Vieira<\/p><\/div>\n<div id=\"attachment_122040\" style=\"width: 690px\" class=\"wp-caption aligncenter\"><img loading=\"lazy\" decoding=\"async\" aria-describedby=\"caption-attachment-122040\" class=\"wp-image-122040\" src=\"https:\/\/diarioregionaldigital.com.br\/wp-content\/uploads\/2018\/10\/foton-e1539034999639.jpg\" alt=\"\" width=\"680\" height=\"540\" srcset=\"https:\/\/diarioregionaldigital.com.br\/wp-content\/uploads\/2018\/10\/foton-e1539034999639.jpg 2231w, https:\/\/diarioregionaldigital.com.br\/wp-content\/uploads\/2018\/10\/foton-e1539034999639-300x238.jpg 300w, https:\/\/diarioregionaldigital.com.br\/wp-content\/uploads\/2018\/10\/foton-e1539034999639-768x610.jpg 768w, https:\/\/diarioregionaldigital.com.br\/wp-content\/uploads\/2018\/10\/foton-e1539034999639-1024x813.jpg 1024w, https:\/\/diarioregionaldigital.com.br\/wp-content\/uploads\/2018\/10\/foton-e1539034999639-360x286.jpg 360w\" sizes=\"auto, (max-width: 680px) 100vw, 680px\" \/><p id=\"caption-attachment-122040\" class=\"wp-caption-text\">Emilainy Werneck<\/p><\/div>\n<div id=\"attachment_122041\" style=\"width: 690px\" class=\"wp-caption aligncenter\"><img loading=\"lazy\" decoding=\"async\" aria-describedby=\"caption-attachment-122041\" class=\"wp-image-122041\" src=\"https:\/\/diarioregionaldigital.com.br\/wp-content\/uploads\/2018\/10\/fotoo-e1539035102427.jpg\" alt=\"\" width=\"680\" height=\"552\" srcset=\"https:\/\/diarioregionaldigital.com.br\/wp-content\/uploads\/2018\/10\/fotoo-e1539035102427.jpg 2208w, https:\/\/diarioregionaldigital.com.br\/wp-content\/uploads\/2018\/10\/fotoo-e1539035102427-300x244.jpg 300w, https:\/\/diarioregionaldigital.com.br\/wp-content\/uploads\/2018\/10\/fotoo-e1539035102427-768x624.jpg 768w, https:\/\/diarioregionaldigital.com.br\/wp-content\/uploads\/2018\/10\/fotoo-e1539035102427-1024x832.jpg 1024w, https:\/\/diarioregionaldigital.com.br\/wp-content\/uploads\/2018\/10\/fotoo-e1539035102427-220x180.jpg 220w, https:\/\/diarioregionaldigital.com.br\/wp-content\/uploads\/2018\/10\/fotoo-e1539035102427-360x292.jpg 360w\" sizes=\"auto, (max-width: 680px) 100vw, 680px\" \/><p id=\"caption-attachment-122041\" class=\"wp-caption-text\">Luan Ottoni Lokkerboll<\/p><\/div>\n<div id=\"attachment_122042\" style=\"width: 690px\" class=\"wp-caption aligncenter\"><img loading=\"lazy\" decoding=\"async\" aria-describedby=\"caption-attachment-122042\" class=\"wp-image-122042\" src=\"https:\/\/diarioregionaldigital.com.br\/wp-content\/uploads\/2018\/10\/fotop-e1539035136190.jpg\" alt=\"\" width=\"680\" height=\"532\" srcset=\"https:\/\/diarioregionaldigital.com.br\/wp-content\/uploads\/2018\/10\/fotop-e1539035136190.jpg 2184w, https:\/\/diarioregionaldigital.com.br\/wp-content\/uploads\/2018\/10\/fotop-e1539035136190-300x235.jpg 300w, https:\/\/diarioregionaldigital.com.br\/wp-content\/uploads\/2018\/10\/fotop-e1539035136190-768x601.jpg 768w, https:\/\/diarioregionaldigital.com.br\/wp-content\/uploads\/2018\/10\/fotop-e1539035136190-1024x801.jpg 1024w, https:\/\/diarioregionaldigital.com.br\/wp-content\/uploads\/2018\/10\/fotop-e1539035136190-360x282.jpg 360w\" sizes=\"auto, (max-width: 680px) 100vw, 680px\" \/><p id=\"caption-attachment-122042\" class=\"wp-caption-text\">Rafael Matioli<\/p><\/div>\n<div id=\"attachment_122044\" style=\"width: 690px\" class=\"wp-caption aligncenter\"><img loading=\"lazy\" decoding=\"async\" aria-describedby=\"caption-attachment-122044\" class=\"wp-image-122044\" src=\"https:\/\/diarioregionaldigital.com.br\/wp-content\/uploads\/2018\/10\/fotoq-e1539035173110.jpg\" alt=\"\" width=\"680\" height=\"517\" srcset=\"https:\/\/diarioregionaldigital.com.br\/wp-content\/uploads\/2018\/10\/fotoq-e1539035173110.jpg 2196w, https:\/\/diarioregionaldigital.com.br\/wp-content\/uploads\/2018\/10\/fotoq-e1539035173110-300x228.jpg 300w, https:\/\/diarioregionaldigital.com.br\/wp-content\/uploads\/2018\/10\/fotoq-e1539035173110-768x584.jpg 768w, https:\/\/diarioregionaldigital.com.br\/wp-content\/uploads\/2018\/10\/fotoq-e1539035173110-1024x778.jpg 1024w, https:\/\/diarioregionaldigital.com.br\/wp-content\/uploads\/2018\/10\/fotoq-e1539035173110-360x274.jpg 360w\" sizes=\"auto, (max-width: 680px) 100vw, 680px\" \/><p id=\"caption-attachment-122044\" class=\"wp-caption-text\">Gustavo Almeida<\/p><\/div>\n<div id=\"attachment_122045\" style=\"width: 690px\" class=\"wp-caption aligncenter\"><img loading=\"lazy\" decoding=\"async\" aria-describedby=\"caption-attachment-122045\" class=\"wp-image-122045\" src=\"https:\/\/diarioregionaldigital.com.br\/wp-content\/uploads\/2018\/10\/fotor-e1539035218591.jpg\" alt=\"\" width=\"680\" height=\"569\" srcset=\"https:\/\/diarioregionaldigital.com.br\/wp-content\/uploads\/2018\/10\/fotor-e1539035218591.jpg 2386w, https:\/\/diarioregionaldigital.com.br\/wp-content\/uploads\/2018\/10\/fotor-e1539035218591-300x251.jpg 300w, https:\/\/diarioregionaldigital.com.br\/wp-content\/uploads\/2018\/10\/fotor-e1539035218591-768x642.jpg 768w, https:\/\/diarioregionaldigital.com.br\/wp-content\/uploads\/2018\/10\/fotor-e1539035218591-1024x857.jpg 1024w, https:\/\/diarioregionaldigital.com.br\/wp-content\/uploads\/2018\/10\/fotor-e1539035218591-360x301.jpg 360w\" sizes=\"auto, (max-width: 680px) 100vw, 680px\" \/><p id=\"caption-attachment-122045\" class=\"wp-caption-text\">Patr\u00edcia Vianelle e Eduardo Gomes<\/p><\/div>\n<div id=\"attachment_122046\" style=\"width: 690px\" class=\"wp-caption aligncenter\"><img loading=\"lazy\" decoding=\"async\" aria-describedby=\"caption-attachment-122046\" class=\"wp-image-122046\" src=\"https:\/\/diarioregionaldigital.com.br\/wp-content\/uploads\/2018\/10\/fotos-e1539035255568.jpg\" alt=\"\" width=\"680\" height=\"433\" srcset=\"https:\/\/diarioregionaldigital.com.br\/wp-content\/uploads\/2018\/10\/fotos-e1539035255568.jpg 3261w, https:\/\/diarioregionaldigital.com.br\/wp-content\/uploads\/2018\/10\/fotos-e1539035255568-300x191.jpg 300w, https:\/\/diarioregionaldigital.com.br\/wp-content\/uploads\/2018\/10\/fotos-e1539035255568-768x489.jpg 768w, https:\/\/diarioregionaldigital.com.br\/wp-content\/uploads\/2018\/10\/fotos-e1539035255568-1024x652.jpg 1024w, https:\/\/diarioregionaldigital.com.br\/wp-content\/uploads\/2018\/10\/fotos-e1539035255568-360x229.jpg 360w\" sizes=\"auto, (max-width: 680px) 100vw, 680px\" \/><p id=\"caption-attachment-122046\" class=\"wp-caption-text\">Maria Helena Macedo, Eduardo Gomes, Gerson Guedes e Ana Teresa Macedo<\/p><\/div>\n<div id=\"attachment_122047\" style=\"width: 690px\" class=\"wp-caption aligncenter\"><img loading=\"lazy\" decoding=\"async\" aria-describedby=\"caption-attachment-122047\" class=\"wp-image-122047\" src=\"https:\/\/diarioregionaldigital.com.br\/wp-content\/uploads\/2018\/10\/fotot-e1539035318509.jpg\" alt=\"\" width=\"680\" height=\"515\" srcset=\"https:\/\/diarioregionaldigital.com.br\/wp-content\/uploads\/2018\/10\/fotot-e1539035318509.jpg 2782w, https:\/\/diarioregionaldigital.com.br\/wp-content\/uploads\/2018\/10\/fotot-e1539035318509-300x227.jpg 300w, https:\/\/diarioregionaldigital.com.br\/wp-content\/uploads\/2018\/10\/fotot-e1539035318509-768x582.jpg 768w, https:\/\/diarioregionaldigital.com.br\/wp-content\/uploads\/2018\/10\/fotot-e1539035318509-1024x776.jpg 1024w, https:\/\/diarioregionaldigital.com.br\/wp-content\/uploads\/2018\/10\/fotot-e1539035318509-360x273.jpg 360w\" sizes=\"auto, (max-width: 680px) 100vw, 680px\" \/><p id=\"caption-attachment-122047\" class=\"wp-caption-text\">Caio, Rodrigo Motta, Eduardo Gomes, Lucas Lorhan e Jo\u00e3o Paulo Escobar<\/p><\/div>\n<div id=\"attachment_122051\" style=\"width: 690px\" class=\"wp-caption aligncenter\"><img loading=\"lazy\" decoding=\"async\" aria-describedby=\"caption-attachment-122051\" class=\"wp-image-122051\" src=\"https:\/\/diarioregionaldigital.com.br\/wp-content\/uploads\/2018\/10\/fotox-e1539035379761.jpg\" alt=\"\" width=\"680\" height=\"510\" srcset=\"https:\/\/diarioregionaldigital.com.br\/wp-content\/uploads\/2018\/10\/fotox-e1539035379761.jpg 960w, https:\/\/diarioregionaldigital.com.br\/wp-content\/uploads\/2018\/10\/fotox-e1539035379761-300x225.jpg 300w, https:\/\/diarioregionaldigital.com.br\/wp-content\/uploads\/2018\/10\/fotox-e1539035379761-768x576.jpg 768w, https:\/\/diarioregionaldigital.com.br\/wp-content\/uploads\/2018\/10\/fotox-e1539035379761-360x270.jpg 360w\" sizes=\"auto, (max-width: 680px) 100vw, 680px\" \/><p id=\"caption-attachment-122051\" class=\"wp-caption-text\">Lucas Henrique e Karina Pachiel<\/p><\/div>\n<div id=\"attachment_122052\" style=\"width: 690px\" class=\"wp-caption aligncenter\"><img loading=\"lazy\" decoding=\"async\" aria-describedby=\"caption-attachment-122052\" class=\"wp-image-122052\" src=\"https:\/\/diarioregionaldigital.com.br\/wp-content\/uploads\/2018\/10\/fotoz-e1539035411249.jpg\" alt=\"\" width=\"680\" height=\"526\" srcset=\"https:\/\/diarioregionaldigital.com.br\/wp-content\/uploads\/2018\/10\/fotoz-e1539035411249.jpg 694w, https:\/\/diarioregionaldigital.com.br\/wp-content\/uploads\/2018\/10\/fotoz-e1539035411249-300x232.jpg 300w, https:\/\/diarioregionaldigital.com.br\/wp-content\/uploads\/2018\/10\/fotoz-e1539035411249-360x279.jpg 360w\" sizes=\"auto, (max-width: 680px) 100vw, 680px\" \/><p id=\"caption-attachment-122052\" class=\"wp-caption-text\">Roger Noranha e Fernanda Moraes<\/p><\/div>\n<div id=\"attachment_122049\" style=\"width: 690px\" class=\"wp-caption aligncenter\"><img loading=\"lazy\" decoding=\"async\" aria-describedby=\"caption-attachment-122049\" class=\"wp-image-122049\" src=\"https:\/\/diarioregionaldigital.com.br\/wp-content\/uploads\/2018\/10\/fotou-e1539035354599.jpg\" alt=\"\" width=\"680\" height=\"525\" srcset=\"https:\/\/diarioregionaldigital.com.br\/wp-content\/uploads\/2018\/10\/fotou-e1539035354599.jpg 958w, https:\/\/diarioregionaldigital.com.br\/wp-content\/uploads\/2018\/10\/fotou-e1539035354599-300x231.jpg 300w, https:\/\/diarioregionaldigital.com.br\/wp-content\/uploads\/2018\/10\/fotou-e1539035354599-768x592.jpg 768w, https:\/\/diarioregionaldigital.com.br\/wp-content\/uploads\/2018\/10\/fotou-e1539035354599-360x278.jpg 360w\" sizes=\"auto, (max-width: 680px) 100vw, 680px\" \/><p id=\"caption-attachment-122049\" class=\"wp-caption-text\">Dolores Tambasco, Sandra Cordeiro, Patricia Ribeiro, Ivone Preste e Sheyla Oliveira<\/p><\/div>\n","protected":false},"excerpt":{"rendered":"<p>30 Anos de Colunismo Social Em ritmo de alto astral comemoramos na ter\u00e7a-feira, 9 de outubro, 30 anos de atividades como colunista social em Juiz de Fora, muitos deles no Di\u00e1rio Regional. As boas vibra\u00e7\u00f5es sempre foram a t\u00f4nica da coluna social com ondas de responsabilidade e respeito ao leitor. Hoje evocamos nosso buda interior [&hellip;]<\/p>\n","protected":false},"author":96,"featured_media":122021,"comment_status":"closed","ping_status":"closed","sticky":false,"template":"","format":"standard","meta":{"footnotes":""},"categories":[264],"tags":[],"class_list":["post-122081","post","type-post","status-publish","format-standard","has-post-thumbnail","hentry","category-eduardo-gomes"],"_links":{"self":[{"href":"https:\/\/diarioregionaldigital.com.br\/index.php?rest_route=\/wp\/v2\/posts\/122081","targetHints":{"allow":["GET"]}}],"collection":[{"href":"https:\/\/diarioregionaldigital.com.br\/index.php?rest_route=\/wp\/v2\/posts"}],"about":[{"href":"https:\/\/diarioregionaldigital.com.br\/index.php?rest_route=\/wp\/v2\/types\/post"}],"author":[{"embeddable":true,"href":"https:\/\/diarioregionaldigital.com.br\/index.php?rest_route=\/wp\/v2\/users\/96"}],"replies":[{"embeddable":true,"href":"https:\/\/diarioregionaldigital.com.br\/index.php?rest_route=%2Fwp%2Fv2%2Fcomments&post=122081"}],"version-history":[{"count":0,"href":"https:\/\/diarioregionaldigital.com.br\/index.php?rest_route=\/wp\/v2\/posts\/122081\/revisions"}],"wp:featuredmedia":[{"embeddable":true,"href":"https:\/\/diarioregionaldigital.com.br\/index.php?rest_route=\/wp\/v2\/media\/122021"}],"wp:attachment":[{"href":"https:\/\/diarioregionaldigital.com.br\/index.php?rest_route=%2Fwp%2Fv2%2Fmedia&parent=122081"}],"wp:term":[{"taxonomy":"category","embeddable":true,"href":"https:\/\/diarioregionaldigital.com.br\/index.php?rest_route=%2Fwp%2Fv2%2Fcategories&post=122081"},{"taxonomy":"post_tag","embeddable":true,"href":"https:\/\/diarioregionaldigital.com.br\/index.php?rest_route=%2Fwp%2Fv2%2Ftags&post=122081"}],"curies":[{"name":"wp","href":"https:\/\/api.w.org\/{rel}","templated":true}]}}