{"id":122080,"date":"2018-10-08T17:23:08","date_gmt":"2018-10-08T20:23:08","guid":{"rendered":"https:\/\/diarioregionaldigital.com.br\/?p=122080"},"modified":"2018-10-08T20:48:29","modified_gmt":"2018-10-08T23:48:29","slug":"santa-casa-de-juiz-de-fora-recebe-super-herois-para-animar-dia-das-criancas","status":"publish","type":"post","link":"https:\/\/diarioregionaldigital.com.br\/?p=122080","title":{"rendered":"Santa Casa de Juiz de Fora recebe super-her\u00f3is para animar Dia das Crian\u00e7as"},"content":{"rendered":"<p>Anualmente o Dia das Crian\u00e7as \u00e9 comemorado no dia 12 de outubro, data que foi aprovada na d\u00e9cada de 20 pelo Congresso Nacional e ratificada pelo \u00a0<a href=\"http:\/\/www2.camara.leg.br\/legin\/fed\/decret\/1920-1929\/decreto-4867-5-novembro-1924-566474-publicacaooriginal-90038-pl.html\">Decreto n\u00ba4.867, de 5 de novembro de 1924<\/a>.<\/p>\n<p>O SicoobCredicom, maior cooperativa financeira de Minas Gerais, atrav\u00e9s do Programa de Responsabilidade Social, desenvolver\u00e1 a\u00e7\u00f5es durante a semana do Dia das Crian\u00e7as em hospitais de Belo Horizonte, Divin\u00f3polis, Montes Claros e Juiz de Fora. O objetivo \u00e9 alegrar as crian\u00e7as que est\u00e3o internadas nesses locais.<\/p>\n<p>Nesta segunda-feira, 8, a a\u00e7\u00e3o foi desenvolvida em Juiz de Fora. Dois super-her\u00f3is, o Homem Aranha e o Super-Homem, fizeram um rapel no pr\u00e9dio do Hospital Santa Casa de Miseric\u00f3rdia. Apoiados por uma empresa especializada nessa pr\u00e1tica, eles interagiram pela janela com as crian\u00e7as e outros pacientes.<\/p>\n<div id=\"attachment_122084\" style=\"width: 423px\" class=\"wp-caption aligncenter\"><img loading=\"lazy\" decoding=\"async\" aria-describedby=\"caption-attachment-122084\" class=\" wp-image-122084\" src=\"https:\/\/diarioregionaldigital.com.br\/wp-content\/uploads\/2018\/10\/RAFAELA-FRUTUOSO-usar-essa-3-300x200.jpg\" alt=\"\" width=\"413\" height=\"275\" srcset=\"https:\/\/diarioregionaldigital.com.br\/wp-content\/uploads\/2018\/10\/RAFAELA-FRUTUOSO-usar-essa-3-300x200.jpg 300w, https:\/\/diarioregionaldigital.com.br\/wp-content\/uploads\/2018\/10\/RAFAELA-FRUTUOSO-usar-essa-3-768x512.jpg 768w, https:\/\/diarioregionaldigital.com.br\/wp-content\/uploads\/2018\/10\/RAFAELA-FRUTUOSO-usar-essa-3-1024x683.jpg 1024w, https:\/\/diarioregionaldigital.com.br\/wp-content\/uploads\/2018\/10\/RAFAELA-FRUTUOSO-usar-essa-3-360x240.jpg 360w\" sizes=\"auto, (max-width: 413px) 100vw, 413px\" \/><p id=\"caption-attachment-122084\" class=\"wp-caption-text\">Homem Aranha descendo de rapel. Foto: Rafaela Frutuoso<\/p><\/div>\n<p>Ao chegarem ao solo, eles se encontraram com outros her\u00f3is, como Mulher Maravilha, Senhora Incr\u00edvel, Capit\u00e3o Am\u00e9rica, Batman e os Power Rangers Azul e Verde, todos eles colaboradores das duas institui\u00e7\u00f5es que tamb\u00e9m se caracterizaram e, juntos, passaram nas alas pedi\u00e1tricas para presentear as crian\u00e7as com livros de hist\u00f3rias, os quais foram doados por colaboradores das duas institui\u00e7\u00f5es envolvidas na a\u00e7\u00e3o.<\/p>\n<div id=\"attachment_122083\" style=\"width: 310px\" class=\"wp-caption aligncenter\"><img loading=\"lazy\" decoding=\"async\" aria-describedby=\"caption-attachment-122083\" class=\"size-medium wp-image-122083\" src=\"https:\/\/diarioregionaldigital.com.br\/wp-content\/uploads\/2018\/10\/RAFAELA-FRUTUOSO-730-300x200.jpg\" alt=\"\" width=\"300\" height=\"200\" srcset=\"https:\/\/diarioregionaldigital.com.br\/wp-content\/uploads\/2018\/10\/RAFAELA-FRUTUOSO-730-300x200.jpg 300w, https:\/\/diarioregionaldigital.com.br\/wp-content\/uploads\/2018\/10\/RAFAELA-FRUTUOSO-730-768x512.jpg 768w, https:\/\/diarioregionaldigital.com.br\/wp-content\/uploads\/2018\/10\/RAFAELA-FRUTUOSO-730-1024x683.jpg 1024w, https:\/\/diarioregionaldigital.com.br\/wp-content\/uploads\/2018\/10\/RAFAELA-FRUTUOSO-730-360x240.jpg 360w\" sizes=\"auto, (max-width: 300px) 100vw, 300px\" \/><p id=\"caption-attachment-122083\" class=\"wp-caption-text\">Super-her\u00f3is visitando as crian\u00e7as. Foto: Rafaela Frutuoso<\/p><\/div>\n<div id=\"attachment_122085\" style=\"width: 310px\" class=\"wp-caption aligncenter\"><img loading=\"lazy\" decoding=\"async\" aria-describedby=\"caption-attachment-122085\" class=\"size-medium wp-image-122085\" src=\"https:\/\/diarioregionaldigital.com.br\/wp-content\/uploads\/2018\/10\/RAFAELA-FRUTUOSO-USAR-ESSA-5-300x200.jpg\" alt=\"\" width=\"300\" height=\"200\" srcset=\"https:\/\/diarioregionaldigital.com.br\/wp-content\/uploads\/2018\/10\/RAFAELA-FRUTUOSO-USAR-ESSA-5-300x200.jpg 300w, https:\/\/diarioregionaldigital.com.br\/wp-content\/uploads\/2018\/10\/RAFAELA-FRUTUOSO-USAR-ESSA-5-768x512.jpg 768w, https:\/\/diarioregionaldigital.com.br\/wp-content\/uploads\/2018\/10\/RAFAELA-FRUTUOSO-USAR-ESSA-5-1024x683.jpg 1024w, https:\/\/diarioregionaldigital.com.br\/wp-content\/uploads\/2018\/10\/RAFAELA-FRUTUOSO-USAR-ESSA-5-360x240.jpg 360w\" sizes=\"auto, (max-width: 300px) 100vw, 300px\" \/><p id=\"caption-attachment-122085\" class=\"wp-caption-text\">Super-her\u00f3is visitando as crian\u00e7as. Foto: Rafaela Frutuoso<\/p><\/div>\n<p>&nbsp;<\/p>\n<p>A Santa Casa de Juiz de Fora atende aproximadamente 25 crian\u00e7as por dia na pediatria do 3\u00ba andar, que \u00e9 100% SUS. De acordo com Vanessa Furtado, Coordenadora do N\u00facleo de Educa\u00e7\u00e3o e Servi\u00e7o da Santa Casa e Membro da Equipe de Humaniza\u00e7\u00e3o, a a\u00e7\u00e3o auxilia na melhora infanto-juvenil. \u201cSabemos que muito al\u00e9m da medica\u00e7\u00e3o, o estado de esp\u00edrito da crian\u00e7a, pois a parte emocional influencia muito no quadro. Levar essa divers\u00e3o para ela que est\u00e1 ali h\u00e1 um tempo em um momento de sofrimento, sem poder brincar com os amiguinhos, sem ir \u00e0 escola e sem fazer o que gosta, desperta a imagina\u00e7\u00e3o e a envolve. Assim, as crian\u00e7as v\u00e3o desejar a melhora, o que vai influenciar para que tenham mais for\u00e7as e renovem as esperan\u00e7as para vencer os obst\u00e1culos e se recuperem mais rapidamente\u201d, disse.<\/p>\n<p>Os super-her\u00f3is tamb\u00e9m passaram pela maternidade, visitando as mam\u00e3es e os beb\u00eas rec\u00e9m-nascidos.<\/p>\n<div id=\"attachment_122086\" style=\"width: 330px\" class=\"wp-caption aligncenter\"><img loading=\"lazy\" decoding=\"async\" aria-describedby=\"caption-attachment-122086\" class=\" wp-image-122086\" src=\"https:\/\/diarioregionaldigital.com.br\/wp-content\/uploads\/2018\/10\/RAFAELA-FRUTUOSO-usar-essa-4-300x200.jpg\" alt=\"\" width=\"320\" height=\"213\" srcset=\"https:\/\/diarioregionaldigital.com.br\/wp-content\/uploads\/2018\/10\/RAFAELA-FRUTUOSO-usar-essa-4-300x200.jpg 300w, https:\/\/diarioregionaldigital.com.br\/wp-content\/uploads\/2018\/10\/RAFAELA-FRUTUOSO-usar-essa-4-768x512.jpg 768w, https:\/\/diarioregionaldigital.com.br\/wp-content\/uploads\/2018\/10\/RAFAELA-FRUTUOSO-usar-essa-4-1024x683.jpg 1024w, https:\/\/diarioregionaldigital.com.br\/wp-content\/uploads\/2018\/10\/RAFAELA-FRUTUOSO-usar-essa-4-360x240.jpg 360w\" sizes=\"auto, (max-width: 320px) 100vw, 320px\" \/><p id=\"caption-attachment-122086\" class=\"wp-caption-text\">Foto: Rafaela Frutuoso<\/p><\/div>\n<p>Em Belo Horizonte, as a\u00e7\u00f5es para o &#8216;Dia das Crian\u00e7as no Sicoob\u00a0Credicom&#8217;, al\u00e9m das brincadeiras e da entrega de livros, contar\u00e3o com a presen\u00e7a do Coral Infantil Credicom que vai apresentar can\u00e7\u00f5es para os pacientes e seus acompanhantes. Em Divin\u00f3polis e Montes Claros, haver\u00e1 oficinas de pintura, bal\u00e3o e conta\u00e7\u00e3o de hist\u00f3ria.<\/p>\n<p>No dia 12 de outubro tamb\u00e9m \u00e9 comemorado o dia de <a href=\"https:\/\/www.calendarr.com\/brasil\/nossa-senhora-aparecida\/\">Nossa Senhora de Aparecida<\/a>, padroeira do Brasil, que \u00e9 marcado pelo feriado nacional.<\/p>\n","protected":false},"excerpt":{"rendered":"<p>Anualmente o Dia das Crian\u00e7as \u00e9 comemorado no dia 12 de outubro, data que foi aprovada na d\u00e9cada de 20 pelo Congresso Nacional e ratificada pelo \u00a0Decreto n\u00ba4.867, de 5 de novembro de 1924. O SicoobCredicom, maior cooperativa financeira de Minas Gerais, atrav\u00e9s do Programa de Responsabilidade Social, desenvolver\u00e1 a\u00e7\u00f5es durante a semana do Dia [&hellip;]<\/p>\n","protected":false},"author":96,"featured_media":122082,"comment_status":"closed","ping_status":"closed","sticky":false,"template":"","format":"standard","meta":{"footnotes":""},"categories":[253,436,440,439],"tags":[],"class_list":["post-122080","post","type-post","status-publish","format-standard","has-post-thumbnail","hentry","category-cidade","category-destaque-da-semana","category-destaques-do-dia","category-ultima-hora"],"_links":{"self":[{"href":"https:\/\/diarioregionaldigital.com.br\/index.php?rest_route=\/wp\/v2\/posts\/122080","targetHints":{"allow":["GET"]}}],"collection":[{"href":"https:\/\/diarioregionaldigital.com.br\/index.php?rest_route=\/wp\/v2\/posts"}],"about":[{"href":"https:\/\/diarioregionaldigital.com.br\/index.php?rest_route=\/wp\/v2\/types\/post"}],"author":[{"embeddable":true,"href":"https:\/\/diarioregionaldigital.com.br\/index.php?rest_route=\/wp\/v2\/users\/96"}],"replies":[{"embeddable":true,"href":"https:\/\/diarioregionaldigital.com.br\/index.php?rest_route=%2Fwp%2Fv2%2Fcomments&post=122080"}],"version-history":[{"count":0,"href":"https:\/\/diarioregionaldigital.com.br\/index.php?rest_route=\/wp\/v2\/posts\/122080\/revisions"}],"wp:featuredmedia":[{"embeddable":true,"href":"https:\/\/diarioregionaldigital.com.br\/index.php?rest_route=\/wp\/v2\/media\/122082"}],"wp:attachment":[{"href":"https:\/\/diarioregionaldigital.com.br\/index.php?rest_route=%2Fwp%2Fv2%2Fmedia&parent=122080"}],"wp:term":[{"taxonomy":"category","embeddable":true,"href":"https:\/\/diarioregionaldigital.com.br\/index.php?rest_route=%2Fwp%2Fv2%2Fcategories&post=122080"},{"taxonomy":"post_tag","embeddable":true,"href":"https:\/\/diarioregionaldigital.com.br\/index.php?rest_route=%2Fwp%2Fv2%2Ftags&post=122080"}],"curies":[{"name":"wp","href":"https:\/\/api.w.org\/{rel}","templated":true}]}}