{"id":122075,"date":"2018-10-08T12:17:17","date_gmt":"2018-10-08T15:17:17","guid":{"rendered":"https:\/\/diarioregionaldigital.com.br\/?p=122075"},"modified":"2018-10-08T18:19:43","modified_gmt":"2018-10-08T21:19:43","slug":"renovacao-nas-cadeiras-do-legislatativo-registram-apenas-tres-novatos","status":"publish","type":"post","link":"https:\/\/diarioregionaldigital.com.br\/?p=122075","title":{"rendered":"Renova\u00e7\u00e3o nas cadeiras do legislatativo registram apenas tr\u00eas novatos"},"content":{"rendered":"<p>Dos\u00a0seis deputados estaduais mais votados nas Elei\u00e7\u00f5es 2018, que se elegeram com mais de\u00a0100 mil votos, tr\u00eas exercer\u00e3o o seu primeiro mandato na Assembleia Legislativa de Minas Gerais (ALMG). O candidato Mauro Tramonte (PRB) foi eleito com a maior quantidade de votos para a 19\u00aa Legislatura (2019-2023). Ele obteve\u00a0516.390 votos, a vota\u00e7\u00e3o mais expressiva desde as elei\u00e7\u00f5es de 1994.<\/p>\n<p>Mauro Tramonte, natural de Po\u00e7os de Caldas (Regi\u00e3o Sul), \u00e9 apresentador do programa Balan\u00e7o Geral, da TV Record Minas, desde 2008. O jornalista j\u00e1 exerceu cargo eletivo nos anos 2000, atuando como vereador no seu munic\u00edpio.<\/p>\n<p>O segundo candidato mais votado nesta elei\u00e7\u00e3o \u00e9 o deputado Sargento Rodrigues (PTB), reeleito com\u00a0123.648 votos. Ele chegou \u00e0 ALMG em 1999, ap\u00f3s se destacar como um dos l\u00edderes do movimento reivindicat\u00f3rio dos policiais mineiros em 1997. Assume, agora, o seu sexto mandato consecutivo no Legislativo Estadual.<\/p>\n<p>Em terceiro lugar est\u00e1 Bruno Engler (PSL), que obteve\u00a0120.252 votos. Eleito para o primeiro mandato de deputado estadual o estudante de Direito na Pontif\u00edcia Universidade Cat\u00f3lica de Minas Gerais (PUC Minas) tem 21 anos. \u00c9 o coordenador do Movimento Direita Minas, entidade pol\u00edtica dedicada \u00e0 promo\u00e7\u00e3o de valores conservadores.<\/p>\n<p>O quarto deputado mais votado \u00e9 Cleitinho (PPS), com\u00a0115.491 votos. Tamb\u00e9m vai exercer pela primeira vez o cargo eletivo na Assembleia de Minas. O comerciante foi eleito em 2016 para seu primeiro mandato como vereador, sendo o terceiro mais votado em Divin\u00f3polis (Centro-Oeste).<\/p>\n<p>O deputado Noraldino J\u00fanior (PSC) ocupa a quinta posi\u00e7\u00e3o, reeleito com\u00a0114.807 votos. Em 2019, exercer\u00e1 o seu segundo mandato na ALMG. Na atual legislatura, sua atua\u00e7\u00e3o foi marcada pela defesa dos direitos dos animais, contribuindo para a cria\u00e7\u00e3o da Comiss\u00e3o Extraordin\u00e1ria de Prote\u00e7\u00e3o dos Animais.<\/p>\n<p>Por \u00faltimo, o deputado C\u00e1ssio Soares (PSD) foi reeleito com\u00a0113.003 votos. Ser\u00e1 o terceiro mandato na Assembleia Legislativa, onde ingressou em 2011. Na 18\u00aa Legislatura, atuou como vice-presidente da Comiss\u00e3o de Fiscaliza\u00e7\u00e3o Financeira e Or\u00e7ament\u00e1ria e presidente da Comiss\u00e3o de Meio Ambiente e Desenvolvimento Sustent\u00e1vel.<\/p>\n<p><em>Fonte: ALMG<\/em><\/p>\n","protected":false},"excerpt":{"rendered":"<p>Dos\u00a0seis deputados estaduais mais votados nas Elei\u00e7\u00f5es 2018, que se elegeram com mais de\u00a0100 mil votos, tr\u00eas exercer\u00e3o o seu primeiro mandato na Assembleia Legislativa de Minas Gerais (ALMG). O candidato Mauro Tramonte (PRB) foi eleito com a maior quantidade de votos para a 19\u00aa Legislatura (2019-2023). Ele obteve\u00a0516.390 votos, a vota\u00e7\u00e3o mais expressiva desde [&hellip;]<\/p>\n","protected":false},"author":96,"featured_media":0,"comment_status":"closed","ping_status":"closed","sticky":false,"template":"","format":"standard","meta":{"footnotes":""},"categories":[436,254,439],"tags":[],"class_list":["post-122075","post","type-post","status-publish","format-standard","hentry","category-destaque-da-semana","category-politica","category-ultima-hora"],"_links":{"self":[{"href":"https:\/\/diarioregionaldigital.com.br\/index.php?rest_route=\/wp\/v2\/posts\/122075","targetHints":{"allow":["GET"]}}],"collection":[{"href":"https:\/\/diarioregionaldigital.com.br\/index.php?rest_route=\/wp\/v2\/posts"}],"about":[{"href":"https:\/\/diarioregionaldigital.com.br\/index.php?rest_route=\/wp\/v2\/types\/post"}],"author":[{"embeddable":true,"href":"https:\/\/diarioregionaldigital.com.br\/index.php?rest_route=\/wp\/v2\/users\/96"}],"replies":[{"embeddable":true,"href":"https:\/\/diarioregionaldigital.com.br\/index.php?rest_route=%2Fwp%2Fv2%2Fcomments&post=122075"}],"version-history":[{"count":0,"href":"https:\/\/diarioregionaldigital.com.br\/index.php?rest_route=\/wp\/v2\/posts\/122075\/revisions"}],"wp:attachment":[{"href":"https:\/\/diarioregionaldigital.com.br\/index.php?rest_route=%2Fwp%2Fv2%2Fmedia&parent=122075"}],"wp:term":[{"taxonomy":"category","embeddable":true,"href":"https:\/\/diarioregionaldigital.com.br\/index.php?rest_route=%2Fwp%2Fv2%2Fcategories&post=122075"},{"taxonomy":"post_tag","embeddable":true,"href":"https:\/\/diarioregionaldigital.com.br\/index.php?rest_route=%2Fwp%2Fv2%2Ftags&post=122075"}],"curies":[{"name":"wp","href":"https:\/\/api.w.org\/{rel}","templated":true}]}}