{"id":122070,"date":"2018-10-08T18:17:22","date_gmt":"2018-10-08T21:17:22","guid":{"rendered":"https:\/\/diarioregionaldigital.com.br\/?p=122070"},"modified":"2018-10-08T18:24:12","modified_gmt":"2018-10-08T21:24:12","slug":"nova-fase-do-esocial-comeca-nesta-quarta-feira","status":"publish","type":"post","link":"https:\/\/diarioregionaldigital.com.br\/?p=122070","title":{"rendered":"Nova fase do eSocial come\u00e7a nesta quarta-feira"},"content":{"rendered":"<p>A pr\u00f3xima fase de implanta\u00e7\u00e3o do Sistema de Escritura\u00e7\u00e3o Digital das Obriga\u00e7\u00f5es Fiscais, Previdenci\u00e1rias e Trabalhistas (eSocial) ter\u00e1 in\u00edcio nesta pr\u00f3xima quarta-feira, 10, para empresas com faturamento anual inferior a R$78 milh\u00f5es.<\/p>\n<p>O eSocial \u00e9 o sistema por meio do qual os empregadores v\u00e3o informar ao governo federal dados sobre os trabalhadores contratados. Esse processo ocorre em quatro etapas, confira todas elas:<\/p>\n<p>&nbsp;<\/p>\n<ul>\n<li>Primeira fase:\u00a0devem ser comunicados os eventos de tabela (cadastros do empregador e envio de tabelas);<\/li>\n<li>Segunda fase\u00a0(in\u00edcio na pr\u00f3xima quarta-feira): devem ser informados eventos n\u00e3o peri\u00f3dicos (dados dos trabalhadores e seus v\u00ednculos com a empresa);<\/li>\n<li>Terceira fase:\u00a0devem ser informados os eventos peri\u00f3dicos (informa\u00e7\u00f5es sobre a folha de pagamento);<\/li>\n<li>Quarta fase:\u00a0devem ser informados dados relativos \u00e0 seguran\u00e7a e sa\u00fade.<\/li>\n<\/ul>\n<p>Para as empresas com faturamento menor que R$78 milh\u00f5es, a terceira fase (informa\u00e7\u00f5es sobre a folha de pagamento) ter\u00e1 in\u00edcio em 10 de janeiro do pr\u00f3ximo ano; e a \u00faltima (dados relativos \u00e0 sa\u00fade e seguran\u00e7a), em janeiro de 2020.<\/p>\n<p>Segundo o Minist\u00e9rio do Trabalho, o n\u00e3o envio de dados dentro dos prazos pode gerar atraso nos recolhimentos e penalidades para as empresas. \u201cA observ\u00e2ncia dos prazos \u00e9 fundamental para que, ao final de cada fase, a empresa j\u00e1 esteja preparada para a pr\u00f3xima etapa\u201d, afirmou Jo\u00e3o Paulo Machado,\u00a0auditor fiscal integrante do projeto eSocial.<\/p>\n<p>&nbsp;<\/p>\n<p>Fonte: Assessoria<\/p>\n","protected":false},"excerpt":{"rendered":"<p>A pr\u00f3xima fase de implanta\u00e7\u00e3o do Sistema de Escritura\u00e7\u00e3o Digital das Obriga\u00e7\u00f5es Fiscais, Previdenci\u00e1rias e Trabalhistas (eSocial) ter\u00e1 in\u00edcio nesta pr\u00f3xima quarta-feira, 10, para empresas com faturamento anual inferior a R$78 milh\u00f5es. O eSocial \u00e9 o sistema por meio do qual os empregadores v\u00e3o informar ao governo federal dados sobre os trabalhadores contratados. Esse processo [&hellip;]<\/p>\n","protected":false},"author":96,"featured_media":122074,"comment_status":"closed","ping_status":"closed","sticky":false,"template":"","format":"standard","meta":{"footnotes":""},"categories":[436,261,439],"tags":[],"class_list":["post-122070","post","type-post","status-publish","format-standard","has-post-thumbnail","hentry","category-destaque-da-semana","category-economia","category-ultima-hora"],"_links":{"self":[{"href":"https:\/\/diarioregionaldigital.com.br\/index.php?rest_route=\/wp\/v2\/posts\/122070","targetHints":{"allow":["GET"]}}],"collection":[{"href":"https:\/\/diarioregionaldigital.com.br\/index.php?rest_route=\/wp\/v2\/posts"}],"about":[{"href":"https:\/\/diarioregionaldigital.com.br\/index.php?rest_route=\/wp\/v2\/types\/post"}],"author":[{"embeddable":true,"href":"https:\/\/diarioregionaldigital.com.br\/index.php?rest_route=\/wp\/v2\/users\/96"}],"replies":[{"embeddable":true,"href":"https:\/\/diarioregionaldigital.com.br\/index.php?rest_route=%2Fwp%2Fv2%2Fcomments&post=122070"}],"version-history":[{"count":0,"href":"https:\/\/diarioregionaldigital.com.br\/index.php?rest_route=\/wp\/v2\/posts\/122070\/revisions"}],"wp:featuredmedia":[{"embeddable":true,"href":"https:\/\/diarioregionaldigital.com.br\/index.php?rest_route=\/wp\/v2\/media\/122074"}],"wp:attachment":[{"href":"https:\/\/diarioregionaldigital.com.br\/index.php?rest_route=%2Fwp%2Fv2%2Fmedia&parent=122070"}],"wp:term":[{"taxonomy":"category","embeddable":true,"href":"https:\/\/diarioregionaldigital.com.br\/index.php?rest_route=%2Fwp%2Fv2%2Fcategories&post=122070"},{"taxonomy":"post_tag","embeddable":true,"href":"https:\/\/diarioregionaldigital.com.br\/index.php?rest_route=%2Fwp%2Fv2%2Ftags&post=122070"}],"curies":[{"name":"wp","href":"https:\/\/api.w.org\/{rel}","templated":true}]}}