{"id":122054,"date":"2018-10-08T17:00:13","date_gmt":"2018-10-08T20:00:13","guid":{"rendered":"https:\/\/diarioregionaldigital.com.br\/?p=122054"},"modified":"2018-10-08T17:00:13","modified_gmt":"2018-10-08T20:00:13","slug":"settra-altera-transito-no-bairro-democrata","status":"publish","type":"post","link":"https:\/\/diarioregionaldigital.com.br\/?p=122054","title":{"rendered":"Settra altera tr\u00e2nsito no Bairro Democrata"},"content":{"rendered":"<p>Nesta ter\u00e7a-feira, 9, a Secretaria de Transporte e Tr\u00e2nsito (Settra) da Prefeitura de Juiz de Fora (PJF) implantar\u00e1 m\u00e3o \u00fanica na Rua Rafael Zacarias, no trecho entre as ruas Carangola e Jo\u00e3o Leopoldo Pires, neste sentido. A altera\u00e7\u00e3o ser\u00e1 feita a partir das 9 horas.<\/p>\n<p>O objetivo \u00e9 a seguran\u00e7a dos pedestres e a maior fluidez do tr\u00e2nsito.<\/p>\n<p>Fonte: PJF<\/p>\n<p>&nbsp;<\/p>\n","protected":false},"excerpt":{"rendered":"<p>Nesta ter\u00e7a-feira, 9, a Secretaria de Transporte e Tr\u00e2nsito (Settra) da Prefeitura de Juiz de Fora (PJF) implantar\u00e1 m\u00e3o \u00fanica na Rua Rafael Zacarias, no trecho entre as ruas Carangola e Jo\u00e3o Leopoldo Pires, neste sentido. A altera\u00e7\u00e3o ser\u00e1 feita a partir das 9 horas. O objetivo \u00e9 a seguran\u00e7a dos pedestres e a maior [&hellip;]<\/p>\n","protected":false},"author":96,"featured_media":122055,"comment_status":"closed","ping_status":"closed","sticky":false,"template":"","format":"standard","meta":{"footnotes":""},"categories":[253,436,439],"tags":[],"class_list":["post-122054","post","type-post","status-publish","format-standard","has-post-thumbnail","hentry","category-cidade","category-destaque-da-semana","category-ultima-hora"],"_links":{"self":[{"href":"https:\/\/diarioregionaldigital.com.br\/index.php?rest_route=\/wp\/v2\/posts\/122054","targetHints":{"allow":["GET"]}}],"collection":[{"href":"https:\/\/diarioregionaldigital.com.br\/index.php?rest_route=\/wp\/v2\/posts"}],"about":[{"href":"https:\/\/diarioregionaldigital.com.br\/index.php?rest_route=\/wp\/v2\/types\/post"}],"author":[{"embeddable":true,"href":"https:\/\/diarioregionaldigital.com.br\/index.php?rest_route=\/wp\/v2\/users\/96"}],"replies":[{"embeddable":true,"href":"https:\/\/diarioregionaldigital.com.br\/index.php?rest_route=%2Fwp%2Fv2%2Fcomments&post=122054"}],"version-history":[{"count":0,"href":"https:\/\/diarioregionaldigital.com.br\/index.php?rest_route=\/wp\/v2\/posts\/122054\/revisions"}],"wp:featuredmedia":[{"embeddable":true,"href":"https:\/\/diarioregionaldigital.com.br\/index.php?rest_route=\/wp\/v2\/media\/122055"}],"wp:attachment":[{"href":"https:\/\/diarioregionaldigital.com.br\/index.php?rest_route=%2Fwp%2Fv2%2Fmedia&parent=122054"}],"wp:term":[{"taxonomy":"category","embeddable":true,"href":"https:\/\/diarioregionaldigital.com.br\/index.php?rest_route=%2Fwp%2Fv2%2Fcategories&post=122054"},{"taxonomy":"post_tag","embeddable":true,"href":"https:\/\/diarioregionaldigital.com.br\/index.php?rest_route=%2Fwp%2Fv2%2Ftags&post=122054"}],"curies":[{"name":"wp","href":"https:\/\/api.w.org\/{rel}","templated":true}]}}