{"id":122020,"date":"2018-10-08T16:50:31","date_gmt":"2018-10-08T19:50:31","guid":{"rendered":"https:\/\/diarioregionaldigital.com.br\/?p=122020"},"modified":"2018-10-08T16:50:31","modified_gmt":"2018-10-08T19:50:31","slug":"apenas-uma-mulher-disputa-o-2o-turno-nos-estados","status":"publish","type":"post","link":"https:\/\/diarioregionaldigital.com.br\/?p=122020","title":{"rendered":"Apenas uma mulher disputa o 2\u00ba turno nos estados"},"content":{"rendered":"<p>Apenas uma mulher ir\u00e1 concorrer \u00e0s elei\u00e7\u00f5es no dia 28, em segundo turno, e nenhuma conseguiu ser a mais votada no primeiro. Somente a candidata do PT ao governo do Rio Grande do Norte, F\u00e1tima Bezerra, est\u00e1 na disputa. Com uma carreira pol\u00edtica constru\u00edda no Legislativo, ela \u00e9 senadora pelo estado e cumpriu tr\u00eas mandatos como deputada federal.<\/p>\n<p>No primeiro turno, F\u00e1tima Bezerra ficou na frente do candidato Carlos Eduardo (PDT). Mas, se ela for derrotada, n\u00e3o haver\u00e1 mulheres governadoras em nenhum estado, ant\u00edtese em um pa\u00eds cujo eleitorado \u00e9 formado majoritariamente por mulheres.<\/p>\n<p>Nas elei\u00e7\u00f5es de 2014, a atual governadora de Roraima, Suely Campos (PP), foi a \u00fanica mulher eleita no pa\u00eds. Por\u00e9m, este ano ela foi derrotada na tentativa de obter a reelei\u00e7\u00e3o. Em nota, a governadora afirmou <span id=\"OBJ_PREFIX_DWT1365_com_zimbra_date\" role=\"link\">ter<\/span> recebido o estado em \u201csitua\u00e7\u00e3o dif\u00edcil\u201d.<\/p>\n<p>O principal embate de Suely Campos foi com o governo federal e o Judici\u00e1rio, ao tentar impedir o ingresso de imigrantes venezuelanosno estado.<\/p>\n<p>Pelo menos 30 mulheres disputaram \u00a0o cargo de governador nas elei\u00e7\u00f5es. Dos 26 estados e o Distrito Federal, n\u00e3o houve candidatas do sexo feminino em oito unidades: Alagoas, Amap\u00e1, Cear\u00e1, Mato Grosso, Mato Grosso do Sul, Par\u00e1, Rio Grande do Sul e Rond\u00f4nia.<\/p>\n<p>No Distrito Federal, havia duas mulheres candidatas, enquanto em Pernambuco e no Piau\u00ed havia tr\u00eas na corrida pelos governos.<\/p>\n<p>&nbsp;<\/p>\n","protected":false},"excerpt":{"rendered":"<p>Apenas uma mulher ir\u00e1 concorrer \u00e0s elei\u00e7\u00f5es no dia 28, em segundo turno, e nenhuma conseguiu ser a mais votada no primeiro. Somente a candidata do PT ao governo do Rio Grande do Norte, F\u00e1tima Bezerra, est\u00e1 na disputa. Com uma carreira pol\u00edtica constru\u00edda no Legislativo, ela \u00e9 senadora pelo estado e cumpriu tr\u00eas mandatos [&hellip;]<\/p>\n","protected":false},"author":96,"featured_media":122031,"comment_status":"closed","ping_status":"closed","sticky":false,"template":"","format":"standard","meta":{"footnotes":""},"categories":[436,254,439],"tags":[],"class_list":["post-122020","post","type-post","status-publish","format-standard","has-post-thumbnail","hentry","category-destaque-da-semana","category-politica","category-ultima-hora"],"_links":{"self":[{"href":"https:\/\/diarioregionaldigital.com.br\/index.php?rest_route=\/wp\/v2\/posts\/122020","targetHints":{"allow":["GET"]}}],"collection":[{"href":"https:\/\/diarioregionaldigital.com.br\/index.php?rest_route=\/wp\/v2\/posts"}],"about":[{"href":"https:\/\/diarioregionaldigital.com.br\/index.php?rest_route=\/wp\/v2\/types\/post"}],"author":[{"embeddable":true,"href":"https:\/\/diarioregionaldigital.com.br\/index.php?rest_route=\/wp\/v2\/users\/96"}],"replies":[{"embeddable":true,"href":"https:\/\/diarioregionaldigital.com.br\/index.php?rest_route=%2Fwp%2Fv2%2Fcomments&post=122020"}],"version-history":[{"count":0,"href":"https:\/\/diarioregionaldigital.com.br\/index.php?rest_route=\/wp\/v2\/posts\/122020\/revisions"}],"wp:featuredmedia":[{"embeddable":true,"href":"https:\/\/diarioregionaldigital.com.br\/index.php?rest_route=\/wp\/v2\/media\/122031"}],"wp:attachment":[{"href":"https:\/\/diarioregionaldigital.com.br\/index.php?rest_route=%2Fwp%2Fv2%2Fmedia&parent=122020"}],"wp:term":[{"taxonomy":"category","embeddable":true,"href":"https:\/\/diarioregionaldigital.com.br\/index.php?rest_route=%2Fwp%2Fv2%2Fcategories&post=122020"},{"taxonomy":"post_tag","embeddable":true,"href":"https:\/\/diarioregionaldigital.com.br\/index.php?rest_route=%2Fwp%2Fv2%2Ftags&post=122020"}],"curies":[{"name":"wp","href":"https:\/\/api.w.org\/{rel}","templated":true}]}}