{"id":122017,"date":"2018-10-08T16:44:25","date_gmt":"2018-10-08T19:44:25","guid":{"rendered":"https:\/\/diarioregionaldigital.com.br\/?p=122017"},"modified":"2018-10-08T16:44:25","modified_gmt":"2018-10-08T19:44:25","slug":"anatel-vai-acompanhar-sistema-de-transmissao-de-votos-no-2o-turno","status":"publish","type":"post","link":"https:\/\/diarioregionaldigital.com.br\/?p=122017","title":{"rendered":"Anatel vai acompanhar sistema de transmiss\u00e3o de votos no 2\u00ba turno"},"content":{"rendered":"<p>A Ag\u00eancia Nacional de Telecomunica\u00e7\u00f5es (Anatel) informou hoje (8) que acompanhar\u00e1 o funcionamento das redes utilizadas na transmiss\u00e3o dos dados das urnas eletr\u00f4nicas durante o segundo turno das elei\u00e7\u00f5es, no dia 28.<\/p>\n<p>De acordo \u00a0com a ag\u00eancia, n\u00e3o houve nenhum problema no sistema de transmiss\u00e3o para os sistemas do Tribunal Superior Eleitoral (TSE) durante o primeiro turno. A Anatel disse que esteve no Centro de Monitoramento do TSE, em Bras\u00edlia, por meio de sua ger\u00eancia de fiscaliza\u00e7\u00e3o &#8220;para garantir a resolu\u00e7\u00e3o, pelas prestadoras, de qualquer intercorr\u00eancia no funcionamento das redes.&#8221;<\/p>\n<p>Tamb\u00e9m estiveram no local representantes das diferentes empresas de telecomunica\u00e7\u00f5es contratadas pelo Tribunal, como Vivo, Oi, Claro, Embratel, entre outras. Segundo a Anatel, nos estados, as ger\u00eancias regionais e unidades operacionais da Anatel ficaram dispon\u00edveis, &#8220;caso fosse necess\u00e1ria a atua\u00e7\u00e3o local junto aos Tribunais Regionais Eleitorais&#8221;, informou a assessoria.<\/p>\n<p>A assessoria disse que, antes das elei\u00e7\u00f5es, a Anatel emitiu 85 notifica\u00e7\u00f5es ou of\u00edcios a outros \u00f3rg\u00e3os para evitar situa\u00e7\u00f5es que prejudicassem a transmiss\u00e3o das informa\u00e7\u00f5es das urnas para a apura\u00e7\u00e3o dos votos.<\/p>\n<p>&#8220;A intera\u00e7\u00e3o com a Ag\u00eancia Nacional de Transportes Terrestres [ANTT], o Departamento Nacional de Infraestrutura de Transportes [Dnit] e o Ex\u00e9rcito, entre outros, buscou evitar a realiza\u00e7\u00e3o de obras nos estados que pudessem danificar a infraestrutura das redes das prestadoras&#8221;, disse a Anatel.<\/p>\n<p>Fonte: Ag\u00eancia Brasil<\/p>\n","protected":false},"excerpt":{"rendered":"<p>A Ag\u00eancia Nacional de Telecomunica\u00e7\u00f5es (Anatel) informou hoje (8) que acompanhar\u00e1 o funcionamento das redes utilizadas na transmiss\u00e3o dos dados das urnas eletr\u00f4nicas durante o segundo turno das elei\u00e7\u00f5es, no dia 28. De acordo \u00a0com a ag\u00eancia, n\u00e3o houve nenhum problema no sistema de transmiss\u00e3o para os sistemas do Tribunal Superior Eleitoral (TSE) durante o [&hellip;]<\/p>\n","protected":false},"author":96,"featured_media":122018,"comment_status":"closed","ping_status":"closed","sticky":false,"template":"","format":"standard","meta":{"footnotes":""},"categories":[436,254,439],"tags":[],"class_list":["post-122017","post","type-post","status-publish","format-standard","has-post-thumbnail","hentry","category-destaque-da-semana","category-politica","category-ultima-hora"],"_links":{"self":[{"href":"https:\/\/diarioregionaldigital.com.br\/index.php?rest_route=\/wp\/v2\/posts\/122017","targetHints":{"allow":["GET"]}}],"collection":[{"href":"https:\/\/diarioregionaldigital.com.br\/index.php?rest_route=\/wp\/v2\/posts"}],"about":[{"href":"https:\/\/diarioregionaldigital.com.br\/index.php?rest_route=\/wp\/v2\/types\/post"}],"author":[{"embeddable":true,"href":"https:\/\/diarioregionaldigital.com.br\/index.php?rest_route=\/wp\/v2\/users\/96"}],"replies":[{"embeddable":true,"href":"https:\/\/diarioregionaldigital.com.br\/index.php?rest_route=%2Fwp%2Fv2%2Fcomments&post=122017"}],"version-history":[{"count":0,"href":"https:\/\/diarioregionaldigital.com.br\/index.php?rest_route=\/wp\/v2\/posts\/122017\/revisions"}],"wp:featuredmedia":[{"embeddable":true,"href":"https:\/\/diarioregionaldigital.com.br\/index.php?rest_route=\/wp\/v2\/media\/122018"}],"wp:attachment":[{"href":"https:\/\/diarioregionaldigital.com.br\/index.php?rest_route=%2Fwp%2Fv2%2Fmedia&parent=122017"}],"wp:term":[{"taxonomy":"category","embeddable":true,"href":"https:\/\/diarioregionaldigital.com.br\/index.php?rest_route=%2Fwp%2Fv2%2Fcategories&post=122017"},{"taxonomy":"post_tag","embeddable":true,"href":"https:\/\/diarioregionaldigital.com.br\/index.php?rest_route=%2Fwp%2Fv2%2Ftags&post=122017"}],"curies":[{"name":"wp","href":"https:\/\/api.w.org\/{rel}","templated":true}]}}