{"id":122015,"date":"2018-10-08T16:37:50","date_gmt":"2018-10-08T19:37:50","guid":{"rendered":"https:\/\/diarioregionaldigital.com.br\/?p=122015"},"modified":"2018-10-08T18:10:05","modified_gmt":"2018-10-08T21:10:05","slug":"mais-de-70-candidatos-com-patente-militar-foram-eleitos-em-todo-o-pais","status":"publish","type":"post","link":"https:\/\/diarioregionaldigital.com.br\/?p=122015","title":{"rendered":"Mais de 70 candidatos com patente militar foram eleitos em todo o pa\u00eds"},"content":{"rendered":"<p>Pelo menos 8% dos 961 candidatos militares que disputaram as elei\u00e7\u00f5es deste domingo (7) conseguiram ser eleitos. Impulsionadas por temas como a seguran\u00e7a p\u00fablica e o combate \u00e0 corrup\u00e7\u00e3o, esses candidatos acabaram se destacando em todos os estados e para todos os cargos em disputa, a come\u00e7ar pela Presid\u00eancia da Rep\u00fablica, que ser\u00e1 definida em segundo turno entre o capit\u00e3o da reserva do Ex\u00e9rcito Jair Bolsonaro (PSL) e o professor Fernando Haddad (PT).<\/p>\n<p>Regional e estadualmente, o cen\u00e1rio tende a confirmar nomes com patentes em registros eleitorais. Tr\u00eas estados v\u00e3o eleger, em segundo turno, o novo governador com pelo menos um militar na disputa. No Rio<span id=\"OBJ_PREFIX_DWT154_com_zimbra_date\" role=\"link\"> de Janeiro<\/span>, um resultado inesperado colocou o ex-fuzileiro naval Wilson Witzel (PSC), um novato na pol\u00edtica, na disputa com o ex-deputado e ex-prefeito da capital Eduardo Paes, que concorre pelo DEM. Tamb\u00e9m h\u00e1 militares entre os nomes que concorrem ao governo de Rond\u00f4nia e de Santa Catarina.<\/p>\n<p>Ao todo, em um levantamento que considera apenas os que se declararam militares, \u00e9 poss\u00edvel apontar pelo menos 79 nomes confirmados tamb\u00e9m para cadeiras no Congresso Nacional e nas assembleias legislativas. Entre estes, j\u00e1 est\u00e3o asseguradas duas vagas no Senado e 22 na C\u00e2mara. Nos estados, o n\u00famero passa de 60 parlamentares.<\/p>\n<h2>Sudeste<\/h2>\n<p>A Regi\u00e3o Sudeste teve o maior n\u00famero de militares eleitos no primeiro turno. Entre os eleitos para todos os cargos, h\u00e1 40 nomes confirmados e um que passou para a o segundo turno no Rio<span id=\"OBJ_PREFIX_DWT155_com_zimbra_date\" role=\"link\"> de Janeiro<\/span>: Wilson Witzel (PSC), ex-juiz federal e servidor p\u00fablico com passagens pela Marinha. No primeiro turno, Witzel obteve 41,28% dos votos v\u00e1lidos e Eduardo Paes (DEM, 19,56%.<\/p>\n<p>O Rio, que elegeu para o Senado o atual deputado estadual Fl\u00e1vio Bolsonaro (PSL), filho de Jair Bolsonaro, traz para a C\u00e2mara Federal o Subtenente H\u00e9lio Fernando Barbosa Lopes (PSL), que obteve 345,2 mil votos, e mais tr\u00eas militares filiados ao partido. Na Assembleia Legislativa, cinco militares foram eleitos. O mais votado, com 140 mil votos, foi Rodrigo Amorim (PSL), que ficou conhecido ao ser acusado de quebrar uma placa em homenagem \u00e0 vereadora Marielle Franco, assassinada em <span id=\"OBJ_PREFIX_DWT158_com_zimbra_date\" role=\"link\">14 de mar<\/span>\u00e7o.<\/p>\n<p>Outro filho de Bolsonaro que tamb\u00e9m j\u00e1 foi policial, Eduardo Bolsonaro, foi eleito deputado federal por S\u00e3o Paulo, junto com mais cinco militares. Os paulistas tamb\u00e9m escolheram Major Olimpo (PSL) para o Senado, com mais de 9 milh\u00f5es de votos. No Legislativo estadual, pelo menos 10 das 94 cadeiras ser\u00e3o ocupadas por candidatos que se declararam militares.<\/p>\n<p>Pelo menos um cabo, um subtenente e um delegado representar\u00e3o Minas Gerais na C\u00e2mara dos Deputados. Na Assembleia Legislativa, h\u00e1 cinco nomes, entre sargentos, delegados e coron\u00e9is que garantiram assento entre os 77 parlamentares estaduais.<\/p>\n<p>No Esp\u00edrito Santo, quatro deputados estaduais eleitos t\u00eam patentes militares.<\/p>\n<h2>SUL<\/h2>\n<p>Na Regi\u00e3o Sul, o governo de Santa Catarina ser\u00e1 definido em segundo turno pelo Comandante Mois\u00e9s (PSL) e o civil Gelson Mer\u00edsio (PSD). Os catarinenses elegeram pelo menos tr\u00eas militares do partido de Bolsonaro: um para deputado federal \u2013 Coronel Armando \u2013 e dois para a Assembleia Legislativa \u2013 Coronel Mocellin e Sargento Lima.<\/p>\n<p>Os candidatos com patentes nos registros eleitorais eleitos pelos ga\u00fachos tamb\u00e9m s\u00e3o do PSL: Tenente Coronel Zucco e Capit\u00e3o Macedo Professor, ambos deputados estaduais.<\/p>\n<h2>CENTRO-OESTE<\/h2>\n<p>Sete militares foram eleitos deputados nos quatro estados da Regi\u00e3o Centro-Oeste e no Distrito Federal (DF). Cinco s\u00e3o nomes ligados ao PSL e pelo menos dois eleitos que t\u00eam patentes no nome v\u00e3o ocupar uma cadeira no Congresso Nacional, ambos representando Goi\u00e1s: o campe\u00e3o de votos, Delegado Waldir (PSL), com 274,4 mil e o menos votado, Major Vitor Hugo (PSL), com 31,1 mil votos.<\/p>\n<p>Mato Grosso elegeu o Delegado Claudinei (PSL), com quase 30 mil votos, como um dos \u00a024 estaduais. Em Mato Grosso do Sul, os dois estaduais mais votados s\u00e3o do PSL: Capit\u00e3o Contar, que teve 78,3 mil votos, seguido pelo Coronel Davi, com 45,9 mil votos. Na lista, ainda figura o Cabo Almi (PT), que obteve 21,2 mil votos. Como distrital, o Delegado Fernando Fernandes (Pros) conquistou uma vaga, com 29,4 mil votos.<\/p>\n<h2>NORTE<\/h2>\n<p>O Coronel Marcos Rocha (PSL) disputar\u00e1, em segundo turno, o governo de Rond\u00f4nia com Expedito J\u00fanior (PSDB). Os eleitores do estado confirmaram, entre os oito deputados federais que os representar\u00e3o no Congresso, outro coronel. Chrit\u00f3stomo (PSL) teve o apoio de 28,3 rondonienses, passando na lista como o \u00faltimoeleito. Entre os 24 estaduais, est\u00e3o Cabo Jhony Paix\u00e3o (PRB) e outro peesselista, Sargento Eyder Brasil.<\/p>\n<p>Duas patentes aparecem entre os oito deputados federais eleitos no Amazonas. Delegado Pablo, do PSL, foi o segundo mais votado no estado (151,6 mil). Capit\u00e3o Alberto Neto (PRB) tamb\u00e9m conseguiu um assento no Congresso. Entre os dois militares confirmados entre 24 deputados estaduais, o pesselista Delegado P\u00e9ricles concentrou o maior n\u00famero de votos (30,5 mil).<\/p>\n<p>O Par\u00e1 tamb\u00e9m <span id=\"OBJ_PREFIX_DWT160_com_zimbra_date\" role=\"link\">ter<\/span>\u00e1, entre os 17 federais eleitos, um militar no Congresso Nacional, o Delegado \u00c9der Mauro (PSD), que garantiu a vaga com 145,6 mil votos. E tr\u00eas delegados foram eleitos para a Assembleia Legislativa.<\/p>\n<p>Roraima tem dois militares na lista de deputados estaduais confirmados. E, no Acre, apenas o Sargento Cadmiel Bomfim foi eleito entre os candidatos com patentes militares no nome. Cadmiel, do PSDB, conseguiu mais de 3,6 mil votos (0,86%). Na rela\u00e7\u00e3o de eleitos do Amap\u00e1,\u00a0n\u00e3o h\u00e1 nomes de candidatos que usaram patentes militares no registro, bem como na do Tocantins .<\/p>\n<h2>NORDESTE<\/h2>\n<p>Sergipe e Rio Grande do Norte elegeram, cada estado, um nome com patente militar para ocupar assentos no Senado. O mais votado pelos sergipanos foi o Delegado Alessandro Vieira (Rede). Tamb\u00e9m da Rede, o Capit\u00e3o Styvenson ficou no topo da lista no Rio Grande do Norte, com 7456,8 mil votos. Os dois estados tamb\u00e9m escolheram militares para as respectivas Assembleias Legislativas, um em cada.<\/p>\n<p>No Piau\u00ed, Capit\u00e3o F\u00e1bio Abreu (PR) \u00e9 o \u00fanico deputado federal com patente entre os eleitos. Entre os estaduais com esse perfil, h\u00e1 ainda nomes no Cear\u00e1 (dois), Piau\u00ed (um), Bahia (dois), Para\u00edba (um), Pernambuco (dois) e Alagoas (um). Apenas o Maranh\u00e3o n\u00e3o elegeu candidatos declarados militares.<\/p>\n<p>Fonte: Ag\u00eancia Brasil<\/p>\n<p>&nbsp;<\/p>\n","protected":false},"excerpt":{"rendered":"<p>Pelo menos 8% dos 961 candidatos militares que disputaram as elei\u00e7\u00f5es deste domingo (7) conseguiram ser eleitos. Impulsionadas por temas como a seguran\u00e7a p\u00fablica e o combate \u00e0 corrup\u00e7\u00e3o, esses candidatos acabaram se destacando em todos os estados e para todos os cargos em disputa, a come\u00e7ar pela Presid\u00eancia da Rep\u00fablica, que ser\u00e1 definida em [&hellip;]<\/p>\n","protected":false},"author":96,"featured_media":115035,"comment_status":"closed","ping_status":"closed","sticky":false,"template":"","format":"standard","meta":{"footnotes":""},"categories":[436,440,254,439],"tags":[],"class_list":["post-122015","post","type-post","status-publish","format-standard","has-post-thumbnail","hentry","category-destaque-da-semana","category-destaques-do-dia","category-politica","category-ultima-hora"],"_links":{"self":[{"href":"https:\/\/diarioregionaldigital.com.br\/index.php?rest_route=\/wp\/v2\/posts\/122015","targetHints":{"allow":["GET"]}}],"collection":[{"href":"https:\/\/diarioregionaldigital.com.br\/index.php?rest_route=\/wp\/v2\/posts"}],"about":[{"href":"https:\/\/diarioregionaldigital.com.br\/index.php?rest_route=\/wp\/v2\/types\/post"}],"author":[{"embeddable":true,"href":"https:\/\/diarioregionaldigital.com.br\/index.php?rest_route=\/wp\/v2\/users\/96"}],"replies":[{"embeddable":true,"href":"https:\/\/diarioregionaldigital.com.br\/index.php?rest_route=%2Fwp%2Fv2%2Fcomments&post=122015"}],"version-history":[{"count":0,"href":"https:\/\/diarioregionaldigital.com.br\/index.php?rest_route=\/wp\/v2\/posts\/122015\/revisions"}],"wp:featuredmedia":[{"embeddable":true,"href":"https:\/\/diarioregionaldigital.com.br\/index.php?rest_route=\/wp\/v2\/media\/115035"}],"wp:attachment":[{"href":"https:\/\/diarioregionaldigital.com.br\/index.php?rest_route=%2Fwp%2Fv2%2Fmedia&parent=122015"}],"wp:term":[{"taxonomy":"category","embeddable":true,"href":"https:\/\/diarioregionaldigital.com.br\/index.php?rest_route=%2Fwp%2Fv2%2Fcategories&post=122015"},{"taxonomy":"post_tag","embeddable":true,"href":"https:\/\/diarioregionaldigital.com.br\/index.php?rest_route=%2Fwp%2Fv2%2Ftags&post=122015"}],"curies":[{"name":"wp","href":"https:\/\/api.w.org\/{rel}","templated":true}]}}