{"id":122012,"date":"2018-10-08T16:16:13","date_gmt":"2018-10-08T19:16:13","guid":{"rendered":"https:\/\/diarioregionaldigital.com.br\/?p=122012"},"modified":"2018-10-08T16:16:13","modified_gmt":"2018-10-08T19:16:13","slug":"settra-interdita-trecho-na-avenida-olegario-maciel-para-conserto-de-erosao","status":"publish","type":"post","link":"https:\/\/diarioregionaldigital.com.br\/?p=122012","title":{"rendered":"Settra interdita trecho na Avenida Oleg\u00e1rio Maciel para conserto de eros\u00e3o"},"content":{"rendered":"<p>A Secretaria de Transporte e Tr\u00e2nsito (Settra) da Prefeitura de Juiz de Fora (PJF) interditar\u00e1 nesta ter\u00e7a-feira, 9, o trecho na Avenida Oleg\u00e1rio Maciel, regi\u00e3o central da cidade, entre as ruas Benedito Reis Fortes e Engenheiro Maur\u00edcio Giron, pr\u00f3ximo ao n\u00famero 2.265, para conserto de eros\u00e3o. A interdi\u00e7\u00e3o ter\u00e1 in\u00edcio \u00e0s 7 horas, com previs\u00e3o de dura\u00e7\u00e3o at\u00e9 as 16 horas. O servi\u00e7o ser\u00e1 realizado pela Secretaria de Obras (SO).<\/p>\n<p>Os motoristas que seguirem na avenida, no sentido Centro\/Bairro Dom Bosco, dever\u00e3o utilizar o desvio para a Rua Padre Caf\u00e9. J\u00e1 o sentido Dom Bosco\/Centro estar\u00e1 liberado. Agentes da Settra acompanhar\u00e3o os servi\u00e7os e sinalizar\u00e3o o trecho.<\/p>\n<p>Fonte: PJF<\/p>\n","protected":false},"excerpt":{"rendered":"<p>A Secretaria de Transporte e Tr\u00e2nsito (Settra) da Prefeitura de Juiz de Fora (PJF) interditar\u00e1 nesta ter\u00e7a-feira, 9, o trecho na Avenida Oleg\u00e1rio Maciel, regi\u00e3o central da cidade, entre as ruas Benedito Reis Fortes e Engenheiro Maur\u00edcio Giron, pr\u00f3ximo ao n\u00famero 2.265, para conserto de eros\u00e3o. A interdi\u00e7\u00e3o ter\u00e1 in\u00edcio \u00e0s 7 horas, com previs\u00e3o [&hellip;]<\/p>\n","protected":false},"author":96,"featured_media":122013,"comment_status":"closed","ping_status":"closed","sticky":false,"template":"","format":"standard","meta":{"footnotes":""},"categories":[253,436,439],"tags":[],"class_list":["post-122012","post","type-post","status-publish","format-standard","has-post-thumbnail","hentry","category-cidade","category-destaque-da-semana","category-ultima-hora"],"_links":{"self":[{"href":"https:\/\/diarioregionaldigital.com.br\/index.php?rest_route=\/wp\/v2\/posts\/122012","targetHints":{"allow":["GET"]}}],"collection":[{"href":"https:\/\/diarioregionaldigital.com.br\/index.php?rest_route=\/wp\/v2\/posts"}],"about":[{"href":"https:\/\/diarioregionaldigital.com.br\/index.php?rest_route=\/wp\/v2\/types\/post"}],"author":[{"embeddable":true,"href":"https:\/\/diarioregionaldigital.com.br\/index.php?rest_route=\/wp\/v2\/users\/96"}],"replies":[{"embeddable":true,"href":"https:\/\/diarioregionaldigital.com.br\/index.php?rest_route=%2Fwp%2Fv2%2Fcomments&post=122012"}],"version-history":[{"count":0,"href":"https:\/\/diarioregionaldigital.com.br\/index.php?rest_route=\/wp\/v2\/posts\/122012\/revisions"}],"wp:featuredmedia":[{"embeddable":true,"href":"https:\/\/diarioregionaldigital.com.br\/index.php?rest_route=\/wp\/v2\/media\/122013"}],"wp:attachment":[{"href":"https:\/\/diarioregionaldigital.com.br\/index.php?rest_route=%2Fwp%2Fv2%2Fmedia&parent=122012"}],"wp:term":[{"taxonomy":"category","embeddable":true,"href":"https:\/\/diarioregionaldigital.com.br\/index.php?rest_route=%2Fwp%2Fv2%2Fcategories&post=122012"},{"taxonomy":"post_tag","embeddable":true,"href":"https:\/\/diarioregionaldigital.com.br\/index.php?rest_route=%2Fwp%2Fv2%2Ftags&post=122012"}],"curies":[{"name":"wp","href":"https:\/\/api.w.org\/{rel}","templated":true}]}}