{"id":122009,"date":"2018-10-08T15:39:23","date_gmt":"2018-10-08T18:39:23","guid":{"rendered":"https:\/\/diarioregionaldigital.com.br\/?p=122009"},"modified":"2018-10-08T15:39:23","modified_gmt":"2018-10-08T18:39:23","slug":"acidente-na-br-356-em-muriae-deixa-um-morto-e-dois-feridos","status":"publish","type":"post","link":"https:\/\/diarioregionaldigital.com.br\/?p=122009","title":{"rendered":"Acidente na BR-356 em Muria\u00e9 deixa um morto e dois feridos"},"content":{"rendered":"<p>Uma pessoa morreu e outras duas ficaram feridas em um acidente no in\u00edcio da tarde desse domingo,7, na BR-356 entre Muria\u00e9 e Patroc\u00ednio do Muria\u00e9.<\/p>\n<p>De acordo com informa\u00e7\u00f5es, um autom\u00f3vel Ford Fiesta, placas de Muria\u00e9\/MG e um Fiat Strada, placas de Petr\u00f3polis\/RJ, chocaram-se violentamente. O condutor do Fiesta, identificado como\u00a0Jo\u00e3o Jos\u00e9 de Andrade, 61 anos, morreu no local. Uma mulher que se encontrava no banco do carona do mesmo ve\u00edculo, foi socorrida pelo SAMU com les\u00f5es graves e o condutor da caminhonete teve les\u00f5es leves. As v\u00edtimas foram levadas para o Hospital S\u00e3o Paulo em Muria\u00e9.<\/p>\n<p>As causas do acidente ser\u00e3o investigadas posteriormente.<\/p>\n<p><em>Fonte: R\u00e1dio Muria\u00e9<\/em><\/p>\n","protected":false},"excerpt":{"rendered":"<p>Uma pessoa morreu e outras duas ficaram feridas em um acidente no in\u00edcio da tarde desse domingo,7, na BR-356 entre Muria\u00e9 e Patroc\u00ednio do Muria\u00e9. De acordo com informa\u00e7\u00f5es, um autom\u00f3vel Ford Fiesta, placas de Muria\u00e9\/MG e um Fiat Strada, placas de Petr\u00f3polis\/RJ, chocaram-se violentamente. O condutor do Fiesta, identificado como\u00a0Jo\u00e3o Jos\u00e9 de Andrade, 61 [&hellip;]<\/p>\n","protected":false},"author":96,"featured_media":0,"comment_status":"closed","ping_status":"closed","sticky":false,"template":"","format":"standard","meta":{"footnotes":""},"categories":[252,439],"tags":[],"class_list":["post-122009","post","type-post","status-publish","format-standard","hentry","category-regiao","category-ultima-hora"],"_links":{"self":[{"href":"https:\/\/diarioregionaldigital.com.br\/index.php?rest_route=\/wp\/v2\/posts\/122009","targetHints":{"allow":["GET"]}}],"collection":[{"href":"https:\/\/diarioregionaldigital.com.br\/index.php?rest_route=\/wp\/v2\/posts"}],"about":[{"href":"https:\/\/diarioregionaldigital.com.br\/index.php?rest_route=\/wp\/v2\/types\/post"}],"author":[{"embeddable":true,"href":"https:\/\/diarioregionaldigital.com.br\/index.php?rest_route=\/wp\/v2\/users\/96"}],"replies":[{"embeddable":true,"href":"https:\/\/diarioregionaldigital.com.br\/index.php?rest_route=%2Fwp%2Fv2%2Fcomments&post=122009"}],"version-history":[{"count":0,"href":"https:\/\/diarioregionaldigital.com.br\/index.php?rest_route=\/wp\/v2\/posts\/122009\/revisions"}],"wp:attachment":[{"href":"https:\/\/diarioregionaldigital.com.br\/index.php?rest_route=%2Fwp%2Fv2%2Fmedia&parent=122009"}],"wp:term":[{"taxonomy":"category","embeddable":true,"href":"https:\/\/diarioregionaldigital.com.br\/index.php?rest_route=%2Fwp%2Fv2%2Fcategories&post=122009"},{"taxonomy":"post_tag","embeddable":true,"href":"https:\/\/diarioregionaldigital.com.br\/index.php?rest_route=%2Fwp%2Fv2%2Ftags&post=122009"}],"curies":[{"name":"wp","href":"https:\/\/api.w.org\/{rel}","templated":true}]}}