{"id":122003,"date":"2018-10-08T14:18:33","date_gmt":"2018-10-08T17:18:33","guid":{"rendered":"https:\/\/diarioregionaldigital.com.br\/?p=122003"},"modified":"2018-10-08T16:58:35","modified_gmt":"2018-10-08T19:58:35","slug":"medicos-vao-avaliar-se-bolsonaro-pode-fazer-campanha-nas-ruas","status":"publish","type":"post","link":"https:\/\/diarioregionaldigital.com.br\/?p=122003","title":{"rendered":"M\u00e9dicos v\u00e3o avaliar se Bolsonaro pode fazer campanha nas ruas"},"content":{"rendered":"<p>Eleito senador pelo Rio de Janeiro, o deputado estadual Fl\u00e1vio Bolsonaro (PSL) disse nesta segunda-feira, 8, que seu pai, o candidato a presidente Jair Bolsonaro (PSL), passar\u00e1 por uma avalia\u00e7\u00e3o m\u00e9dica nos pr\u00f3ximos dias que definir\u00e1 como ser\u00e1 a atua\u00e7\u00e3o dele no segundo turno da campanha.<\/p>\n<p>V\u00edtima de uma facada no dia 6 de setembro, quando fazia campanha em Juiz de Fora, Minas Gerais, Bolsonaro continua a receber cuidados m\u00e9dicos e deve permanecer em casa at\u00e9 ser liberado pelos profissionais. Fl\u00e1vio disse que uma nova per\u00edcia ser\u00e1 feita, talvez nesta ter\u00e7a-feira, 9, ou depois de amanh\u00e3, 10, ou nos pr\u00f3ximos dias.<\/p>\n<p>&#8220;O pr\u00f3ximo fator importante \u00e9 essa per\u00edcia dos m\u00e9dicos, que v\u00e3o dizer at\u00e9 onde ele pode ir e at\u00e9 onde n\u00e3o pode ir. Mas ele quer sair&#8221;, disse Fl\u00e1vio Bolsonaro. Ele acrescentou que a participa\u00e7\u00e3o do candidato em debates tamb\u00e9m depende dessa avalia\u00e7\u00e3o.<\/p>\n<p>Fl\u00e1vio Bolsonaro concedeu entrevista \u00e0 imprensa do lado de fora do condom\u00ednio em que seu pai mora, na Praia da Barra da Tijuca, na zona oeste do Rio de Janeiro. O deputado afirmou que a estrat\u00e9gia de campanha para o segundo turno ser\u00e1 fortalecer lideran\u00e7as estaduais e apostar nas redes sociais.<\/p>\n<p>Sobre o Nordeste, \u00fanica regi\u00e3o do pa\u00eds em que Jair Bolsonaro perdeu a elei\u00e7\u00e3o no primeiro turno, Fl\u00e1vio Bolsonaro disse acreditar que o tempo de televis\u00e3o, dividido ao meio no segundo turno, permitir\u00e1 atingir mais eleitores. &#8220;A gente vai poder comunicar melhor para aqueles setores que n\u00e3o foram impactados pelas redes sociais.&#8221;<\/p>\n<p>Bolsonaro atacou o PT, classificando o partido de &#8220;imp\u00e9rio do mal&#8221; e &#8220;trevas&#8221;, e disse que a vit\u00f3ria do PSL foi avassaladora, com a elei\u00e7\u00e3o de mais de 50 deputados federais e quatro senadores. Ele afirmou que, no segundo turno, n\u00e3o haver\u00e1 conversas nem alian\u00e7as formais com outros partidos, apenas converg\u00eancia de valores contra a candidatura de Fernando Haddad (PT) \u00e0 presid\u00eancia.<\/p>\n<p>Fl\u00e1vio disse que a bancada eleita para o pr\u00f3ximo Congresso Nacional garante base a Bolsonaro e dificultaria a governabilidade para Haddad, caso este ven\u00e7a o segundo turno das elei\u00e7\u00f5es.<\/p>\n<p>Ele afirmou tamb\u00e9m que o PSL tem direito de questionar os resultados da elei\u00e7\u00e3o. Para o deputado, haveria muito mais tranquilidade entre os eleitores se o Tribunal Superior Eleitoral tivesse aprovado o voto impresso, para contangem manual. &#8220;Problemas n\u00e3o foram pontuais e podem ter sido decisivos&#8221;, acrescentou Fl\u00e1vio Bolsonaro.<\/p>\n<p>Fonte: Ag\u00eancia Brasil<\/p>\n","protected":false},"excerpt":{"rendered":"<p>Eleito senador pelo Rio de Janeiro, o deputado estadual Fl\u00e1vio Bolsonaro (PSL) disse nesta segunda-feira, 8, que seu pai, o candidato a presidente Jair Bolsonaro (PSL), passar\u00e1 por uma avalia\u00e7\u00e3o m\u00e9dica nos pr\u00f3ximos dias que definir\u00e1 como ser\u00e1 a atua\u00e7\u00e3o dele no segundo turno da campanha. V\u00edtima de uma facada no dia 6 de setembro, [&hellip;]<\/p>\n","protected":false},"author":96,"featured_media":122006,"comment_status":"closed","ping_status":"closed","sticky":false,"template":"","format":"standard","meta":{"footnotes":""},"categories":[436,254,439],"tags":[],"class_list":["post-122003","post","type-post","status-publish","format-standard","has-post-thumbnail","hentry","category-destaque-da-semana","category-politica","category-ultima-hora"],"_links":{"self":[{"href":"https:\/\/diarioregionaldigital.com.br\/index.php?rest_route=\/wp\/v2\/posts\/122003","targetHints":{"allow":["GET"]}}],"collection":[{"href":"https:\/\/diarioregionaldigital.com.br\/index.php?rest_route=\/wp\/v2\/posts"}],"about":[{"href":"https:\/\/diarioregionaldigital.com.br\/index.php?rest_route=\/wp\/v2\/types\/post"}],"author":[{"embeddable":true,"href":"https:\/\/diarioregionaldigital.com.br\/index.php?rest_route=\/wp\/v2\/users\/96"}],"replies":[{"embeddable":true,"href":"https:\/\/diarioregionaldigital.com.br\/index.php?rest_route=%2Fwp%2Fv2%2Fcomments&post=122003"}],"version-history":[{"count":0,"href":"https:\/\/diarioregionaldigital.com.br\/index.php?rest_route=\/wp\/v2\/posts\/122003\/revisions"}],"wp:featuredmedia":[{"embeddable":true,"href":"https:\/\/diarioregionaldigital.com.br\/index.php?rest_route=\/wp\/v2\/media\/122006"}],"wp:attachment":[{"href":"https:\/\/diarioregionaldigital.com.br\/index.php?rest_route=%2Fwp%2Fv2%2Fmedia&parent=122003"}],"wp:term":[{"taxonomy":"category","embeddable":true,"href":"https:\/\/diarioregionaldigital.com.br\/index.php?rest_route=%2Fwp%2Fv2%2Fcategories&post=122003"},{"taxonomy":"post_tag","embeddable":true,"href":"https:\/\/diarioregionaldigital.com.br\/index.php?rest_route=%2Fwp%2Fv2%2Ftags&post=122003"}],"curies":[{"name":"wp","href":"https:\/\/api.w.org\/{rel}","templated":true}]}}