{"id":122002,"date":"2018-10-08T11:20:12","date_gmt":"2018-10-08T14:20:12","guid":{"rendered":"https:\/\/diarioregionaldigital.com.br\/?p=122002"},"modified":"2018-10-08T18:12:01","modified_gmt":"2018-10-08T21:12:01","slug":"acervo-do-museu-ferroviario-e-reaberto-para-visitacao","status":"publish","type":"post","link":"https:\/\/diarioregionaldigital.com.br\/?p=122002","title":{"rendered":"Acervo do Museu Ferrovi\u00e1rio \u00e9 reaberto para visita\u00e7\u00e3o"},"content":{"rendered":"<p>Depois de passar por manuten\u00e7\u00e3o, o acervo do Museu Ferrovi\u00e1rio de Juiz de Fora (Avenida Brasil 2001 \u2013 Centro) foi reaberto nesta segunda-feira, 8, com programa\u00e7\u00e3o especial para o p\u00fablico infantil. As atividades previstas inclu\u00edram visita guiada voltada para assistidos do Instituto de Media\u00e7\u00e3o Psicologia e Pesquisa (Imepp) e com crian\u00e7as inscritas no projeto \u201cPatrulhinha da Mem\u00f3ria\u201d, al\u00e9m de uma festa para comemorar o Dia das Crian\u00e7as, organizada pela Secretaria de Comunica\u00e7\u00e3o da Prefeitura de Juiz de Fora, em parceria com a Sociedade Beneficente M\u00e3o Amiga.<\/p>\n<p>Conforme o diretor do Museu Ferrovi\u00e1rio, Luiz Fernando Priamo, as interven\u00e7\u00f5es realizadas no equipamento cultural v\u00e3o tornar as visitas mais atraentes para o p\u00fablico. \u201cO Museu, que acaba de completar 15 anos, ganhou nova identidade visual, trazendo uma cara moderna e did\u00e1tica para as salas do acervo. Tamb\u00e9m trabalhamos com a atualiza\u00e7\u00e3o das informa\u00e7\u00f5es, a manuten\u00e7\u00e3o de pe\u00e7as, a pintura das salas e a produ\u00e7\u00e3o de um folder institucional\u201d, explica.<\/p>\n<p>As interven\u00e7\u00f5es fazem parte da estrat\u00e9gia da coordena\u00e7\u00e3o de aproximar o equipamento cultural do p\u00fablico, incentivando a ocupa\u00e7\u00e3o saud\u00e1vel e democr\u00e1tica e fortalecendo o v\u00ednculo afetivo do espa\u00e7o com a cidade. Conforme Priamo, o n\u00famero de visitantes saltou de dois mil, em 2016, para dez mil, em 2017, e a ideia \u00e9 melhorar ainda mais o desempenho neste ano.<\/p>\n<p>\u201cEssa meta foi refor\u00e7ada recentemente, com a chegada de oito bolsistas, por meio do projeto de extens\u00e3o \u201cA\u00e7\u00f5es Educativas no Museu Ferrovi\u00e1rio\u201d, mantido pela UFJF. S\u00e3o estudantes de turismo, arquitetura, ci\u00eancias sociais e ci\u00eancias humanas, que contribuir\u00e3o para a montagem de um setor educativo\u201d.<\/p>\n<p>O Museu Ferrovi\u00e1rio tem como objetivo registrar, preservar e expor a hist\u00f3ria da ferrovia, demonstrando sua rela\u00e7\u00e3o com a mem\u00f3ria de Juiz de Fora e regi\u00e3o. Al\u00e9m das salas expositivas, possui anfiteatro, salas multimeios e plataforma, espa\u00e7os que agregam a\u00e7\u00f5es culturais promovidas pelo pr\u00f3prio museu e por artistas e grupos culturais. O equipamento est\u00e1 consolidado como n\u00facleo de forma\u00e7\u00e3o, com aulas di\u00e1rias, atendendo diferentes faixas et\u00e1rias, sendo, ainda, um espa\u00e7o de produ\u00e7\u00e3o art\u00edstica, que promove e irradia cultura.<\/p>\n<p>O acervo fica aberto \u00e0 visita\u00e7\u00e3o gratuita de segunda a sexta-feira, das 9 \u00e0s 17 horas. Nos fins de semana, o funcionamento varia conforme a programa\u00e7\u00e3o, que \u00e9 informada previamente por meio do portal da Prefeitura de Juiz de Fora e nas redes sociais do Museu Ferrovi\u00e1rio e da Funalfa.<\/p>\n<p><b>Programa\u00e7\u00e3o:<\/b><\/p>\n<p><strong>Segunda-feira | Dia 8<\/strong><br \/>\n&#8211; 14h &#8211; Visita guiada e piquenique com atendidos pelo Imepp &#8211; aproximadamente 30 participantes com alguma defici\u00eancia intelectual.<\/p>\n<p><b>Ter\u00e7a \u2013feira | Dia 9<\/b><br \/>\n&#8211; 8h30 e 14h30 &#8211; \u201cPatrulhinha da Mem\u00f3ria\u201d &#8211; circuito de visita\u00e7\u00e3o pelo centro hist\u00f3rico da cidade, com crian\u00e7as de 6 a 11 anos<br \/>\n&#8211; 14h &#8211; Visita guiada com as turmas do 7\u00b0 e 8\u00b0 anos da E. M. Dr. Paulo Japiassu.<\/p>\n<p><b>Quarta-feira | Dia 10<\/b><br \/>\n&#8211; 8h30 e 14h30 &#8211; \u201cPatrulhinha da Mem\u00f3ria\u201d &#8211; circuito de visita\u00e7\u00e3o pelo centro hist\u00f3rico da cidade, com crian\u00e7as de 6 a 11 anos<\/p>\n<p><b>Quinta-feira | Dia 11<\/b><br \/>\n&#8211; 14 \u00e0s 16 horas &#8211; A\u00e7\u00e3o do Dia das Crian\u00e7as, promovida pelo Bem Comum, projeto da Secretaria de Comunica\u00e7\u00e3o Social (SCS) da Prefeitura de Juiz de Fora, com meninas e meninos atendidos pela Casa de Acolhimento Amigos M\u00e3os Abertas (AMA). Al\u00e9m da visita ao acervo, haver\u00e1 show de m\u00e1gica, exibi\u00e7\u00e3o de filme e lanche na Plataforma do Museu.<\/p>\n","protected":false},"excerpt":{"rendered":"<p>Depois de passar por manuten\u00e7\u00e3o, o acervo do Museu Ferrovi\u00e1rio de Juiz de Fora (Avenida Brasil 2001 \u2013 Centro) foi reaberto nesta segunda-feira, 8, com programa\u00e7\u00e3o especial para o p\u00fablico infantil. As atividades previstas inclu\u00edram visita guiada voltada para assistidos do Instituto de Media\u00e7\u00e3o Psicologia e Pesquisa (Imepp) e com crian\u00e7as inscritas no projeto \u201cPatrulhinha [&hellip;]<\/p>\n","protected":false},"author":96,"featured_media":0,"comment_status":"closed","ping_status":"closed","sticky":false,"template":"","format":"standard","meta":{"footnotes":""},"categories":[253,436,439],"tags":[],"class_list":["post-122002","post","type-post","status-publish","format-standard","hentry","category-cidade","category-destaque-da-semana","category-ultima-hora"],"_links":{"self":[{"href":"https:\/\/diarioregionaldigital.com.br\/index.php?rest_route=\/wp\/v2\/posts\/122002","targetHints":{"allow":["GET"]}}],"collection":[{"href":"https:\/\/diarioregionaldigital.com.br\/index.php?rest_route=\/wp\/v2\/posts"}],"about":[{"href":"https:\/\/diarioregionaldigital.com.br\/index.php?rest_route=\/wp\/v2\/types\/post"}],"author":[{"embeddable":true,"href":"https:\/\/diarioregionaldigital.com.br\/index.php?rest_route=\/wp\/v2\/users\/96"}],"replies":[{"embeddable":true,"href":"https:\/\/diarioregionaldigital.com.br\/index.php?rest_route=%2Fwp%2Fv2%2Fcomments&post=122002"}],"version-history":[{"count":0,"href":"https:\/\/diarioregionaldigital.com.br\/index.php?rest_route=\/wp\/v2\/posts\/122002\/revisions"}],"wp:attachment":[{"href":"https:\/\/diarioregionaldigital.com.br\/index.php?rest_route=%2Fwp%2Fv2%2Fmedia&parent=122002"}],"wp:term":[{"taxonomy":"category","embeddable":true,"href":"https:\/\/diarioregionaldigital.com.br\/index.php?rest_route=%2Fwp%2Fv2%2Fcategories&post=122002"},{"taxonomy":"post_tag","embeddable":true,"href":"https:\/\/diarioregionaldigital.com.br\/index.php?rest_route=%2Fwp%2Fv2%2Ftags&post=122002"}],"curies":[{"name":"wp","href":"https:\/\/api.w.org\/{rel}","templated":true}]}}