{"id":121998,"date":"2018-10-08T14:14:09","date_gmt":"2018-10-08T17:14:09","guid":{"rendered":"https:\/\/diarioregionaldigital.com.br\/?p=121998"},"modified":"2018-10-08T14:14:09","modified_gmt":"2018-10-08T17:14:09","slug":"confianca-das-micro-e-pequenas-empresas-fica-em-51-pontos-em-setembro","status":"publish","type":"post","link":"https:\/\/diarioregionaldigital.com.br\/?p=121998","title":{"rendered":"Confian\u00e7a das micro e pequenas empresas fica em 51 pontos em setembro"},"content":{"rendered":"<p>O \u00edndice de confian\u00e7a dos micro e pequenos empres\u00e1rios ficou em 51,0 pontos em setembro ante os 51,1 pontos registrados em agosto, o que mostra que a proximidade com as elei\u00e7\u00f5es n\u00e3o alterou a vis\u00e3o dos empres\u00e1rios.<\/p>\n<p>Segundo a Confedera\u00e7\u00e3o Nacional de Dirigentes Lojistas (CNDL) e pelo Servi\u00e7o de Prote\u00e7\u00e3o ao Cr\u00e9dito (SPC Brasil), o Indicador de Condi\u00e7\u00f5es Gerais, que avalia a percep\u00e7\u00e3o dos \u00faltimos meses, ficou em 39,8 pontos e o Indicador de Expectativas, que projeta um horizonte futuro de seis meses, marcou 59,4 pontos.<\/p>\n<p>\u201cOs dados mostram que a maioria dos empres\u00e1rios de menor porte est\u00e1 otimista com o futuro, mas ainda em compasso de espera. Alguns indicadores macroecon\u00f4micos apresentam sinais de melhora, mas as disputas eleitorais sempre geram incerteza. Isso faz com que a confian\u00e7a n\u00e3o deslanche, mas tamb\u00e9m n\u00e3o retroceda aos patamares do auge da crise\u201d, disse o presidente da CNDL, Jos\u00e9 Cesar da Costa.<\/p>\n<p>A pesquisa indica ainda que, para 53% dos micro e pequenos empres\u00e1rios, a economia piorou nos \u00faltimos seis meses. Aqueles que notaram melhora nesse per\u00edodo foram 17%. Quando analisam o desempenho do pr\u00f3prio neg\u00f3cio, 24% avaliaram que sua empresa avan\u00e7ou e 36% disseram que piorou.<\/p>\n<p>A queda das vendas foi a principal raz\u00e3o para essa piora entre 77% dos entrevistados. O aumento dos pre\u00e7os da mat\u00e9ria-prima e dos produtos foi citado por 30% e 10% disseram ter sentido as consequ\u00eancias da inadimpl\u00eancia de seus clientes. J\u00e1 entre os que observaram melhora nos neg\u00f3cios, 61% disseram <span id=\"OBJ_PREFIX_DWT112_com_zimbra_date\" role=\"link\">ter<\/span> vendido mais no per\u00edodo e 23% atribuem a uma melhora da gest\u00e3o da empresa.<\/p>\n<p><strong>Futuro<\/strong><\/p>\n<p>Pelo menos 57% dos empres\u00e1rios disse estar confiante com o futuro do pr\u00f3prio neg\u00f3cio, dos quais 29% atribu\u00edram isso a uma boa gest\u00e3o do neg\u00f3cio e 27% n\u00e3o souberam apontar a raz\u00e3o de seu otimismo. J\u00e1 no sentido contr\u00e1rio, os pessimistas s\u00e3o 11%.<\/p>\n<p>Quando questionados sobre as perspectivas quanto \u00e0 economia, 36% est\u00e3o confiantes, mas, destes, 47% n\u00e3o sabem apontar os motivos. Outros 21% apostam no mercado consumidor e 21% esperam um cen\u00e1rio pol\u00edtico mais favor\u00e1vel. Os pessimistas chegam a 24%, principalmente por causa de incertezas pol\u00edticas (65,6%).<\/p>\n<p><strong>Desempenho<\/strong><\/p>\n<p>Para 39% dos micro e pequenos empres\u00e1rios, o resultado das vendas foi satisfat\u00f3rio em <span id=\"OBJ_PREFIX_DWT113_com_zimbra_date\" role=\"link\">agosto, e 46<\/span>% acreditam em aumento do faturamento nos pr\u00f3ximos seis meses. O \u00a0levantamento mostrou que 39% consideram <span id=\"OBJ_PREFIX_DWT114_com_zimbra_date\" role=\"link\">ter<\/span> tido um bom desempenho de vendas. Para 41%, o resultado foi regular e 18% avaliam como ruim ou p\u00e9ssimo. Em rela\u00e7\u00e3o \u00e0s perspectivas para os pr\u00f3ximos seis meses, a maior parte acredita que o faturamento ir\u00e1 crescer (46%) e apenas 4% apostam em queda na receita, enquanto 42% esperam um faturamento igual.<\/p>\n<p>Entre os que acreditam em crescimento do faturamento, 32% atribuem a perspectiva a novas estrat\u00e9gias de vendas; 31% n\u00e3o t\u00eam uma raz\u00e3o concreta; 24% apostam na diversifica\u00e7\u00e3o do portf\u00f3lio de produtos para ampliar a receita e 19% pretendem investir na melhoria da gest\u00e3o.<\/p>\n<p>\u201cO segundo semestre tem datas comemorativas importantes para o varejo que devem aquecer as vendas. \u00c9 natural perceber esse otimismo com rela\u00e7\u00e3o ao faturamento&#8221;, disse o presidente do SPC Brasil, Roque Pellizzaro Junior.<\/p>\n<p>A pesquisa mostrou tamb\u00e9m que 43% conseguiram fazer alguma melhoria no neg\u00f3cio nos \u00faltimos seis meses, contra 56% que n\u00e3o conseguiram. Entre as melhorias destacadas est\u00e3o a compra de equipamentos (34%), a reforma da empresa (32%), a amplia\u00e7\u00e3o do estoque (28%), a qualifica\u00e7\u00e3o da m\u00e3o de obra (14%) e a amplia\u00e7\u00e3o do portf\u00f3lio de produtos (13%).<\/p>\n<p>Fonte: Ag\u00eancia Brasil<\/p>\n","protected":false},"excerpt":{"rendered":"<p>O \u00edndice de confian\u00e7a dos micro e pequenos empres\u00e1rios ficou em 51,0 pontos em setembro ante os 51,1 pontos registrados em agosto, o que mostra que a proximidade com as elei\u00e7\u00f5es n\u00e3o alterou a vis\u00e3o dos empres\u00e1rios. Segundo a Confedera\u00e7\u00e3o Nacional de Dirigentes Lojistas (CNDL) e pelo Servi\u00e7o de Prote\u00e7\u00e3o ao Cr\u00e9dito (SPC Brasil), o [&hellip;]<\/p>\n","protected":false},"author":96,"featured_media":122000,"comment_status":"closed","ping_status":"closed","sticky":false,"template":"","format":"standard","meta":{"footnotes":""},"categories":[436,261,439],"tags":[],"class_list":["post-121998","post","type-post","status-publish","format-standard","has-post-thumbnail","hentry","category-destaque-da-semana","category-economia","category-ultima-hora"],"_links":{"self":[{"href":"https:\/\/diarioregionaldigital.com.br\/index.php?rest_route=\/wp\/v2\/posts\/121998","targetHints":{"allow":["GET"]}}],"collection":[{"href":"https:\/\/diarioregionaldigital.com.br\/index.php?rest_route=\/wp\/v2\/posts"}],"about":[{"href":"https:\/\/diarioregionaldigital.com.br\/index.php?rest_route=\/wp\/v2\/types\/post"}],"author":[{"embeddable":true,"href":"https:\/\/diarioregionaldigital.com.br\/index.php?rest_route=\/wp\/v2\/users\/96"}],"replies":[{"embeddable":true,"href":"https:\/\/diarioregionaldigital.com.br\/index.php?rest_route=%2Fwp%2Fv2%2Fcomments&post=121998"}],"version-history":[{"count":0,"href":"https:\/\/diarioregionaldigital.com.br\/index.php?rest_route=\/wp\/v2\/posts\/121998\/revisions"}],"wp:featuredmedia":[{"embeddable":true,"href":"https:\/\/diarioregionaldigital.com.br\/index.php?rest_route=\/wp\/v2\/media\/122000"}],"wp:attachment":[{"href":"https:\/\/diarioregionaldigital.com.br\/index.php?rest_route=%2Fwp%2Fv2%2Fmedia&parent=121998"}],"wp:term":[{"taxonomy":"category","embeddable":true,"href":"https:\/\/diarioregionaldigital.com.br\/index.php?rest_route=%2Fwp%2Fv2%2Fcategories&post=121998"},{"taxonomy":"post_tag","embeddable":true,"href":"https:\/\/diarioregionaldigital.com.br\/index.php?rest_route=%2Fwp%2Fv2%2Ftags&post=121998"}],"curies":[{"name":"wp","href":"https:\/\/api.w.org\/{rel}","templated":true}]}}