{"id":121994,"date":"2018-10-08T14:04:08","date_gmt":"2018-10-08T17:04:08","guid":{"rendered":"https:\/\/diarioregionaldigital.com.br\/?p=121994"},"modified":"2018-10-08T14:07:22","modified_gmt":"2018-10-08T17:07:22","slug":"bolsonaro-e-haddad-tem-agendas-distintas-hoje","status":"publish","type":"post","link":"https:\/\/diarioregionaldigital.com.br\/?p=121994","title":{"rendered":"Bolsonaro e Haddad t\u00eam agendas distintas hoje"},"content":{"rendered":"<p>Os candidatos \u00e0 Presid\u00eancia da Rep\u00fablica, Jair Bolsonaro (PSL) e Fernando Haddad (PT), t\u00eam agendas distintas na manh\u00e3 desta segunda-feira, 8. Bolsonaro dever\u00e1 permanecer em casa, em um condom\u00ednio na Barra da Tijuca, no Rio de Janeiro, como fez ao longo do primeiro turno. Haddad foi a Curitiba, onde se reunir\u00e1 com o ex-presidente Luiz In\u00e1cio Lula da Silva e conceder\u00e1 entrevista.<\/p>\n<p>Seguindo o costume consolidado na campanha eleitoral, Bolsonaro e os filhos Fl\u00e1vio, eleito senador pelo Rio de Janeiro, e Carlos, tamb\u00e9m vitorioso para a C\u00e2mara, utilizaram as redes sociais para se comunicar com o p\u00fablico.<\/p>\n<p>Na conta pessoal de Fl\u00e1vio Bolsonaro, o senador eleito agradeceu os votos obtidos pelo pai.<\/p>\n<p>\u201cMuito obrigado aos quase 50 milh\u00f5es de brasileiros que confiaram o voto a @jairbolsonaro , em especial ao povo do Nordeste, que nos deu vota\u00e7\u00e3o surpreendentemente alta, elegendo, inclusive, deputados do PSL que se candidataram pela 1\u00aa vez &#8211; uma grande demonstra\u00e7\u00e3o de confian\u00e7a\u201d,\u00a0 disse.<\/p>\n<h2>Entrevista<\/h2>\n<p>Haddad est\u00e1 em Curitiba onde chegou cedo \u00e0 Superintend\u00eancia da Pol\u00edcia Federal, para visitar Lula, preso desde 7 de abril por crimes de corrup\u00e7\u00e3o e lavagem de dinheiro, cumprindo pena de 12 anos e um m\u00eas. A candidata a vice-presidente Manuela d&#8217;\u00c1vila (PCdoB) n\u00e3o acompanhou o candidato do PT na viagem.<\/p>\n<p>Ap\u00f3s a reuni\u00e3o com o ex-presidente, a assessoria de Haddad confirmou que ele conceder\u00e1 uma entrevista coletiva, transmitida ao vivo pelo site do PT Nacional, PT Paran\u00e1 e p\u00e1gina oficial da campanha.<\/p>\n<p>Ontem, 7, Haddad afirmou que &#8220;muita coisa est\u00e1 em jogo&#8221; no atual pleito. &#8220;Esta elei\u00e7\u00e3o coloca muita coisa em jogo. O pr\u00f3prio pacto da Constituinte de 1988 est\u00e1 em jogo em fun\u00e7\u00e3o das amea\u00e7as que sofre quase diariamente.&#8221;<\/p>\n<p>Fonte: Ag\u00eancia Brasil<\/p>\n","protected":false},"excerpt":{"rendered":"<p>Os candidatos \u00e0 Presid\u00eancia da Rep\u00fablica, Jair Bolsonaro (PSL) e Fernando Haddad (PT), t\u00eam agendas distintas na manh\u00e3 desta segunda-feira, 8. Bolsonaro dever\u00e1 permanecer em casa, em um condom\u00ednio na Barra da Tijuca, no Rio de Janeiro, como fez ao longo do primeiro turno. Haddad foi a Curitiba, onde se reunir\u00e1 com o ex-presidente Luiz [&hellip;]<\/p>\n","protected":false},"author":96,"featured_media":0,"comment_status":"closed","ping_status":"closed","sticky":false,"template":"","format":"standard","meta":{"footnotes":""},"categories":[436,254,439],"tags":[],"class_list":["post-121994","post","type-post","status-publish","format-standard","hentry","category-destaque-da-semana","category-politica","category-ultima-hora"],"_links":{"self":[{"href":"https:\/\/diarioregionaldigital.com.br\/index.php?rest_route=\/wp\/v2\/posts\/121994","targetHints":{"allow":["GET"]}}],"collection":[{"href":"https:\/\/diarioregionaldigital.com.br\/index.php?rest_route=\/wp\/v2\/posts"}],"about":[{"href":"https:\/\/diarioregionaldigital.com.br\/index.php?rest_route=\/wp\/v2\/types\/post"}],"author":[{"embeddable":true,"href":"https:\/\/diarioregionaldigital.com.br\/index.php?rest_route=\/wp\/v2\/users\/96"}],"replies":[{"embeddable":true,"href":"https:\/\/diarioregionaldigital.com.br\/index.php?rest_route=%2Fwp%2Fv2%2Fcomments&post=121994"}],"version-history":[{"count":0,"href":"https:\/\/diarioregionaldigital.com.br\/index.php?rest_route=\/wp\/v2\/posts\/121994\/revisions"}],"wp:attachment":[{"href":"https:\/\/diarioregionaldigital.com.br\/index.php?rest_route=%2Fwp%2Fv2%2Fmedia&parent=121994"}],"wp:term":[{"taxonomy":"category","embeddable":true,"href":"https:\/\/diarioregionaldigital.com.br\/index.php?rest_route=%2Fwp%2Fv2%2Fcategories&post=121994"},{"taxonomy":"post_tag","embeddable":true,"href":"https:\/\/diarioregionaldigital.com.br\/index.php?rest_route=%2Fwp%2Fv2%2Ftags&post=121994"}],"curies":[{"name":"wp","href":"https:\/\/api.w.org\/{rel}","templated":true}]}}