{"id":121991,"date":"2018-10-08T13:08:49","date_gmt":"2018-10-08T16:08:49","guid":{"rendered":"https:\/\/diarioregionaldigital.com.br\/?p=121991"},"modified":"2018-10-08T13:08:49","modified_gmt":"2018-10-08T16:08:49","slug":"camara-dos-deputados-tera-138-de-mulheres","status":"publish","type":"post","link":"https:\/\/diarioregionaldigital.com.br\/?p=121991","title":{"rendered":"C\u00e2mara dos Deputados ter\u00e1 13,8% de mulheres"},"content":{"rendered":"<p>Dos 513 deputados federais eleitos e reeleitos, 71 s\u00e3o mulheres, o que representa 13,8% do total da C\u00e2mara dos Deputados. Apesar de o n\u00famero ainda ser baixo \u00e9 maior em compara\u00e7\u00e3o \u00e0s elei\u00e7\u00f5es de 2014, quando 51 mulheres chegaram ao Legislativo federal.<\/p>\n<p>O maior n\u00famero de mulheres eleitas \u00e9 de S\u00e3o Paulo, com 11. A mais bem votada foi a cientista pol\u00edtica T\u00e1bata Amaral (PDT), integrante do movimento pol\u00edtico suprapartid\u00e1rio Acredito, eleita com 264.450.<\/p>\n<p>Proporcionalmente, no entanto, o Distrito Federal est\u00e1 na frente. Das oito vagas na C\u00e2mara, cinco ser\u00e3o ocupadas por deputadas. As tr\u00eas primeiras colocadas na vota\u00e7\u00e3o s\u00e3o mulheres: Flavia Arruda (PR), Erika Kokay (PT) e Bia Kicis (PRP). A \u00fanica reeleita foi a petista. O DF tamb\u00e9m mandou para a C\u00e2mara: Paula Belmonte (PPS) e Celina Le\u00e3o (PP).<\/p>\n<p>Das 54 cadeiras do Senado em disputa nestas elei\u00e7\u00f5es, sete ser\u00e3o ocupadas por mulheres \u2013 12,9% do total. Foram eleitas para o Senado: Leila do V\u00f4lei (PSB-DF), Eliziane Gama (PPS-MA), Ju\u00edza Selma Arruda (PSL-MT), Soraya Thronicke (PSL-MS), Dra. Zenaide Maia (PHS-RN), Mara Gabrili (PSDB-SP) e Daniella Ribeiro (PP-PB).<\/p>\n<p>Na lista dos mais jovens eleitos para a C\u00e2mara h\u00e1 uma mulher, a estudante de Direito Luiza Canziani (PTB-PR), 22 anos, filha do tamb\u00e9m deputado federal Alex Canziani (PTB-PR), que perdeu a disputa para o Senado. Reeleita deputada federal, Luiza Erundina (PSol-SP), 84 anos, no sexto mandato, \u00e9 a parlamentar mais idosa do novo Parlamento.<\/p>\n<p>Pela legisla\u00e7\u00e3o eleitoral, os partidos deveriam lan\u00e7ar no m\u00ednimo 30% de candidatas mulheres nas elei\u00e7\u00f5es proporcionais \u2013 para a C\u00e2mara e as assembleias legislativas. O Tribunal Superior Eleitoral (TSE) decidiu que 30% dos recursos do Fundo Especial de Financiamento de Campanha (FEFC), formado por dinheiro p\u00fablico, deveria ir para a propaganda das candidatas, bem como 30% do tempo no hor\u00e1rio eleitoral gratuito.<\/p>\n<p>&nbsp;<\/p>\n<p>Fonte: Ag\u00eancia Brasil<\/p>\n","protected":false},"excerpt":{"rendered":"<p>Dos 513 deputados federais eleitos e reeleitos, 71 s\u00e3o mulheres, o que representa 13,8% do total da C\u00e2mara dos Deputados. Apesar de o n\u00famero ainda ser baixo \u00e9 maior em compara\u00e7\u00e3o \u00e0s elei\u00e7\u00f5es de 2014, quando 51 mulheres chegaram ao Legislativo federal. O maior n\u00famero de mulheres eleitas \u00e9 de S\u00e3o Paulo, com 11. A [&hellip;]<\/p>\n","protected":false},"author":96,"featured_media":121992,"comment_status":"closed","ping_status":"closed","sticky":false,"template":"","format":"standard","meta":{"footnotes":""},"categories":[436,254,439],"tags":[],"class_list":["post-121991","post","type-post","status-publish","format-standard","has-post-thumbnail","hentry","category-destaque-da-semana","category-politica","category-ultima-hora"],"_links":{"self":[{"href":"https:\/\/diarioregionaldigital.com.br\/index.php?rest_route=\/wp\/v2\/posts\/121991","targetHints":{"allow":["GET"]}}],"collection":[{"href":"https:\/\/diarioregionaldigital.com.br\/index.php?rest_route=\/wp\/v2\/posts"}],"about":[{"href":"https:\/\/diarioregionaldigital.com.br\/index.php?rest_route=\/wp\/v2\/types\/post"}],"author":[{"embeddable":true,"href":"https:\/\/diarioregionaldigital.com.br\/index.php?rest_route=\/wp\/v2\/users\/96"}],"replies":[{"embeddable":true,"href":"https:\/\/diarioregionaldigital.com.br\/index.php?rest_route=%2Fwp%2Fv2%2Fcomments&post=121991"}],"version-history":[{"count":0,"href":"https:\/\/diarioregionaldigital.com.br\/index.php?rest_route=\/wp\/v2\/posts\/121991\/revisions"}],"wp:featuredmedia":[{"embeddable":true,"href":"https:\/\/diarioregionaldigital.com.br\/index.php?rest_route=\/wp\/v2\/media\/121992"}],"wp:attachment":[{"href":"https:\/\/diarioregionaldigital.com.br\/index.php?rest_route=%2Fwp%2Fv2%2Fmedia&parent=121991"}],"wp:term":[{"taxonomy":"category","embeddable":true,"href":"https:\/\/diarioregionaldigital.com.br\/index.php?rest_route=%2Fwp%2Fv2%2Fcategories&post=121991"},{"taxonomy":"post_tag","embeddable":true,"href":"https:\/\/diarioregionaldigital.com.br\/index.php?rest_route=%2Fwp%2Fv2%2Ftags&post=121991"}],"curies":[{"name":"wp","href":"https:\/\/api.w.org\/{rel}","templated":true}]}}