{"id":121989,"date":"2018-10-08T12:57:59","date_gmt":"2018-10-08T15:57:59","guid":{"rendered":"https:\/\/diarioregionaldigital.com.br\/?p=121989"},"modified":"2018-10-08T12:57:59","modified_gmt":"2018-10-08T15:57:59","slug":"mercado-financeiro-eleva-estimativa-de-inflacao-para-440","status":"publish","type":"post","link":"https:\/\/diarioregionaldigital.com.br\/?p=121989","title":{"rendered":"Mercado financeiro eleva estimativa de infla\u00e7\u00e3o para 4,40%"},"content":{"rendered":"<p>A estimativa de institui\u00e7\u00f5es financeiras para a infla\u00e7\u00e3o este ano subiu pela quarta vez seguida. De acordo com pesquisa do Banco Central (BC), divulgada nessa segunda-feira, 8, o \u00cdndice Nacional de Pre\u00e7os ao Consumidor Amplo (IPCA) deve ficar em 4,40%. Na semana passada, a proje\u00e7\u00e3o estava em 4,30%.<\/p>\n<p>Para 2019, a proje\u00e7\u00e3o da infla\u00e7\u00e3o permaneceu em 4,20%. Para 2020, a estimativa segue em 4% e, para 2021, passou de 3,97% para 3,95%.<\/p>\n<p>A proje\u00e7\u00e3o do mercado financeiro ficou mais pr\u00f3xima do centro da meta deste ano, que \u00e9 4,5%. Essa meta tem limite inferior de 3% e superior de 6%. Para 2019, a meta \u00e9 4,25%, com intervalo de toler\u00e2ncia entre 2,75% e 5,75%.<\/p>\n<p>J\u00e1 para 2020, a meta \u00e9 4% e 2021, 3,75%, com intervalo de toler\u00e2ncia de 1,5 ponto percentual para os dois anos (2,5% a 5,5% e 2,25% a 5,25%, respectivamente).<\/p>\n<h5>Taxa b\u00e1sica<\/h5>\n<p>Para alcan\u00e7ar a meta de infla\u00e7\u00e3o, o Banco Central usa como instrumento a taxa b\u00e1sica de juros (Selic), atualmente em 6,5% ao ano.<\/p>\n<p>De acordo com o mercado financeiro, a Selic deve permanecer em 6,5% ao ano at\u00e9 o fim de 2018.<\/p>\n<p>Para 2019, a expectativa \u00e9 de aumento da taxa b\u00e1sica, terminando o per\u00edodo em 8% ao ano. Para o fim de 2020, a proje\u00e7\u00e3o \u00e9 8,38% ao ano, ante 8,19% previstos na semana passada, voltando a 8% ao ano no final de 2021.<\/p>\n<p>Quando o Comit\u00ea de Pol\u00edtica Monet\u00e1ria (Copom) aumenta a Selic, a meta \u00e9 conter a demanda aquecida, e isso causa reflexos nos pre\u00e7os porque os juros mais altos encarecem o cr\u00e9dito e estimulam a poupan\u00e7a.<\/p>\n<p>Quando o Copom reduz a Selic, a tend\u00eancia \u00e9 que o cr\u00e9dito fique mais barato, com incentivo \u00e0 produ\u00e7\u00e3o e ao consumo, reduzindo o controle da infla\u00e7\u00e3o.<\/p>\n<p>A manuten\u00e7\u00e3o da taxa b\u00e1sica de juros, como prev\u00ea o mercado financeiro este ano, indica que o Copom considera as altera\u00e7\u00f5es anteriores suficientes para chegar \u00e0 meta de infla\u00e7\u00e3o.<\/p>\n<h5>Crescimento econ\u00f4mico<\/h5>\n<p>As institui\u00e7\u00f5es financeiras ajustaram a estimativa para o crescimento do Produto Interno Bruto (PIB), soma de todos os bens e servi\u00e7os produzidos no pa\u00eds, de 1,35% para 1,34%, este ano e mantiveram a estimativa em 2,5% nos pr\u00f3ximos tr\u00eas anos.<\/p>\n<p>A estimativa para a cota\u00e7\u00e3o do d\u00f3lar foi mantida em R$3,89 no fim deste ano, e em R$3,83 ao t\u00e9rmino de 2019.<\/p>\n<p>&nbsp;<\/p>\n<p>Fonte: Ag\u00eancia Brasil<\/p>\n","protected":false},"excerpt":{"rendered":"<p>A estimativa de institui\u00e7\u00f5es financeiras para a infla\u00e7\u00e3o este ano subiu pela quarta vez seguida. De acordo com pesquisa do Banco Central (BC), divulgada nessa segunda-feira, 8, o \u00cdndice Nacional de Pre\u00e7os ao Consumidor Amplo (IPCA) deve ficar em 4,40%. Na semana passada, a proje\u00e7\u00e3o estava em 4,30%. Para 2019, a proje\u00e7\u00e3o da infla\u00e7\u00e3o permaneceu [&hellip;]<\/p>\n","protected":false},"author":96,"featured_media":104420,"comment_status":"closed","ping_status":"closed","sticky":false,"template":"","format":"standard","meta":{"footnotes":""},"categories":[436,261,439],"tags":[],"class_list":["post-121989","post","type-post","status-publish","format-standard","has-post-thumbnail","hentry","category-destaque-da-semana","category-economia","category-ultima-hora"],"_links":{"self":[{"href":"https:\/\/diarioregionaldigital.com.br\/index.php?rest_route=\/wp\/v2\/posts\/121989","targetHints":{"allow":["GET"]}}],"collection":[{"href":"https:\/\/diarioregionaldigital.com.br\/index.php?rest_route=\/wp\/v2\/posts"}],"about":[{"href":"https:\/\/diarioregionaldigital.com.br\/index.php?rest_route=\/wp\/v2\/types\/post"}],"author":[{"embeddable":true,"href":"https:\/\/diarioregionaldigital.com.br\/index.php?rest_route=\/wp\/v2\/users\/96"}],"replies":[{"embeddable":true,"href":"https:\/\/diarioregionaldigital.com.br\/index.php?rest_route=%2Fwp%2Fv2%2Fcomments&post=121989"}],"version-history":[{"count":0,"href":"https:\/\/diarioregionaldigital.com.br\/index.php?rest_route=\/wp\/v2\/posts\/121989\/revisions"}],"wp:featuredmedia":[{"embeddable":true,"href":"https:\/\/diarioregionaldigital.com.br\/index.php?rest_route=\/wp\/v2\/media\/104420"}],"wp:attachment":[{"href":"https:\/\/diarioregionaldigital.com.br\/index.php?rest_route=%2Fwp%2Fv2%2Fmedia&parent=121989"}],"wp:term":[{"taxonomy":"category","embeddable":true,"href":"https:\/\/diarioregionaldigital.com.br\/index.php?rest_route=%2Fwp%2Fv2%2Fcategories&post=121989"},{"taxonomy":"post_tag","embeddable":true,"href":"https:\/\/diarioregionaldigital.com.br\/index.php?rest_route=%2Fwp%2Fv2%2Ftags&post=121989"}],"curies":[{"name":"wp","href":"https:\/\/api.w.org\/{rel}","templated":true}]}}