{"id":121854,"date":"2018-10-06T14:09:51","date_gmt":"2018-10-06T17:09:51","guid":{"rendered":"https:\/\/diarioregionaldigital.com.br\/?p=121854"},"modified":"2018-10-06T14:09:51","modified_gmt":"2018-10-06T17:09:51","slug":"mais-de-120-jornalistas-sao-agredidos-ao-cobrir-as-eleicoes-de-2018","status":"publish","type":"post","link":"https:\/\/diarioregionaldigital.com.br\/?p=121854","title":{"rendered":"Mais de 120 jornalistas s\u00e3o agredidos ao cobrir as elei\u00e7\u00f5es de 2018"},"content":{"rendered":"<p>A Associa\u00e7\u00e3o Brasileira de Jornalismo Investigativo (Abraji) registrou mais de 120 agress\u00f5es a comunicadores em contextos pol\u00edtico partid\u00e1rio e eleitoral este ano. As agress\u00f5es s\u00e3o tanto f\u00edsicas quanto em meios digitais.<\/p>\n<p>Foram registradas 64 ocorr\u00eancias de ass\u00e9dio em meios digitais contra jornalistas no contexto eleitoral, al\u00e9m de 59 v\u00edtimas de atentados f\u00edsicos.<\/p>\n<p>\u201cUm pa\u00eds que n\u00e3o compreende a diferen\u00e7a entre cr\u00edtica ao trabalho jornal\u00edstico e viol\u00eancia contra profissionais da imprensa coloca a democracia e a si pr\u00f3prio em grave risco\u201d, disse a Abraji em nota de rep\u00fadio.<\/p>\n<p>Um dos \u00faltimos casos, divulgado no portal da entidade, envolve uma rep\u00f3rter da R\u00e1dio Bandeirantes, agredida verbalmente e com uma cabe\u00e7ada por um manifestante em ato de apoio ao candidato \u00e0 Presid\u00eancia pelo PSL, Jair Bolsonaro, na Avenida Paulista, em S\u00e3o Paulo (SP).<\/p>\n<p>Segundo a Abraji, a jornalista entrevistava uma capit\u00e3 da Pol\u00edcia Militar (PM) sobre a prefer\u00eancia da corpora\u00e7\u00e3o em fazer prote\u00e7\u00e3o apenas dos manifestantes em uma das faixas da Paulista, quando o homem se aproximou e come\u00e7ou a ofend\u00ea-la, aos gritos.<\/p>\n<p>A rep\u00f3rter pegou o celular para registrar a agress\u00e3o e afirmou que faria um boletim de ocorr\u00eancia contra o homem, que, em seguida, lhe deu uma cabe\u00e7ada.<\/p>\n<h2>Ataques online<\/h2>\n<p>Os ataques acontecem tamb\u00e9m na<em>\u00a0internet<\/em>. Rep\u00f3rteres t\u00eam os perfil inundados por xingamentos e at\u00e9 mesmo por amea\u00e7as.<\/p>\n<p>\u201cOfensas, ass\u00e9dio e amea\u00e7as a jornalistas com o objetivo de silenci\u00e1-los s\u00e3o sintomas de desprezo pela democracia. \u00c9 urgente e necess\u00e1rio que os candidatos no pleito atual se manifestem publicamente contra tais ataques e os desencorajem. O sil\u00eancio diante da viol\u00eancia praticada por seus apoiadores configura coniv\u00eancia com ataques \u00e0 liberdade de express\u00e3o\u201d, argumenta a Abraji.<\/p>\n<p>Um estudo feito pela Diretoria de An\u00e1lise de Pol\u00edticas P\u00fablicas da Funda\u00e7\u00e3o Getulio Vargas (FGV DAPP) mostra que &#8211; entre 18 de setembro e 2 de outubro &#8211; 945,3 mil postagens no\u00a0<em>Twitter<\/em>\u00a0abordaram a cobertura da imprensa em rela\u00e7\u00e3o \u00e0s elei\u00e7\u00f5es.<\/p>\n<p>Ao longo do per\u00edodo analisado, a Abraji se manifestou em tr\u00eas ocasi\u00f5es contra agress\u00f5es online cometidas contra jornalistas.<\/p>\n<p>No dia 25 de setembro, uma rep\u00f3rter da Folha de S\u00e3o Paulo foi alvo ap\u00f3s publica\u00e7\u00e3o da reportagem \u201cEx-mulher afirmou ter sofrido amea\u00e7a de morte de Bolsonaro, diz Itamaraty\u201d.<\/p>\n<p>Tr\u00eas dias depois, a associa\u00e7\u00e3o repudiou os ataques aos jornalistas respons\u00e1veis pela reportagem \u201cO outro Bolsonaro\u201d, capa da revista Veja e a uma rep\u00f3rter do\u00a0<em>The Intercept Brasil<\/em>.<\/p>\n<p>Fonte: Ag\u00eancia Brasil<\/p>\n","protected":false},"excerpt":{"rendered":"<p>A Associa\u00e7\u00e3o Brasileira de Jornalismo Investigativo (Abraji) registrou mais de 120 agress\u00f5es a comunicadores em contextos pol\u00edtico partid\u00e1rio e eleitoral este ano. As agress\u00f5es s\u00e3o tanto f\u00edsicas quanto em meios digitais. Foram registradas 64 ocorr\u00eancias de ass\u00e9dio em meios digitais contra jornalistas no contexto eleitoral, al\u00e9m de 59 v\u00edtimas de atentados f\u00edsicos. \u201cUm pa\u00eds que [&hellip;]<\/p>\n","protected":false},"author":96,"featured_media":121855,"comment_status":"closed","ping_status":"closed","sticky":false,"template":"","format":"standard","meta":{"footnotes":""},"categories":[302,436,439],"tags":[],"class_list":["post-121854","post","type-post","status-publish","format-standard","has-post-thumbnail","hentry","category-brasil-mundo","category-destaque-da-semana","category-ultima-hora"],"_links":{"self":[{"href":"https:\/\/diarioregionaldigital.com.br\/index.php?rest_route=\/wp\/v2\/posts\/121854","targetHints":{"allow":["GET"]}}],"collection":[{"href":"https:\/\/diarioregionaldigital.com.br\/index.php?rest_route=\/wp\/v2\/posts"}],"about":[{"href":"https:\/\/diarioregionaldigital.com.br\/index.php?rest_route=\/wp\/v2\/types\/post"}],"author":[{"embeddable":true,"href":"https:\/\/diarioregionaldigital.com.br\/index.php?rest_route=\/wp\/v2\/users\/96"}],"replies":[{"embeddable":true,"href":"https:\/\/diarioregionaldigital.com.br\/index.php?rest_route=%2Fwp%2Fv2%2Fcomments&post=121854"}],"version-history":[{"count":0,"href":"https:\/\/diarioregionaldigital.com.br\/index.php?rest_route=\/wp\/v2\/posts\/121854\/revisions"}],"wp:featuredmedia":[{"embeddable":true,"href":"https:\/\/diarioregionaldigital.com.br\/index.php?rest_route=\/wp\/v2\/media\/121855"}],"wp:attachment":[{"href":"https:\/\/diarioregionaldigital.com.br\/index.php?rest_route=%2Fwp%2Fv2%2Fmedia&parent=121854"}],"wp:term":[{"taxonomy":"category","embeddable":true,"href":"https:\/\/diarioregionaldigital.com.br\/index.php?rest_route=%2Fwp%2Fv2%2Fcategories&post=121854"},{"taxonomy":"post_tag","embeddable":true,"href":"https:\/\/diarioregionaldigital.com.br\/index.php?rest_route=%2Fwp%2Fv2%2Ftags&post=121854"}],"curies":[{"name":"wp","href":"https:\/\/api.w.org\/{rel}","templated":true}]}}