{"id":121844,"date":"2018-10-06T13:07:56","date_gmt":"2018-10-06T16:07:56","guid":{"rendered":"https:\/\/diarioregionaldigital.com.br\/?p=121844"},"modified":"2018-10-06T13:07:56","modified_gmt":"2018-10-06T16:07:56","slug":"rosa-weber-e-raquel-dodge-destacam-seguranca-do-sistema-eletronico","status":"publish","type":"post","link":"https:\/\/diarioregionaldigital.com.br\/?p=121844","title":{"rendered":"Rosa Weber e Raquel Dodge destacam seguran\u00e7a do sistema eletr\u00f4nico"},"content":{"rendered":"<p>A presidente do Tribunal Superior Eleitoral (TSE), ministra Rosa Weber, afirmou neste s\u00e1bado, 6, que o sistema eletr\u00f4nico de vota\u00e7\u00e3o brasileiro \u00e9 \u201c\u00e1gil, seguro, confi\u00e1vel e, sobretudo, audit\u00e1vel\u201d. A afirma\u00e7\u00e3o foi feita depois de cerim\u00f4nia de verifica\u00e7\u00e3o de assinatura do Sistema de Gerenciamento da Totaliza\u00e7\u00e3o das Elei\u00e7\u00f5es e de visita ao Centro de Divulga\u00e7\u00e3o das Elei\u00e7\u00f5es, instalado no TSE e destinado \u00e0 imprensa.<\/p>\n<p>A cerim\u00f4nia foi realizada com o objetivo de checar se os sistemas instalados nos equipamentos da Justi\u00e7a Eleitoral s\u00e3o os mesmos da Cerim\u00f4nia de Assinatura Digital e Lacra\u00e7\u00e3o dos Sistemas Eleitorais, realizada no dia 6 de setembro.<\/p>\n<p>\u201cNosso sistema eletr\u00f4nico de vota\u00e7\u00e3o \u00e9 \u00e1gil, seguro, confi\u00e1vel e, sobretudo, audit\u00e1vel. H\u00e1 condi\u00e7\u00f5es de auditagem, como j\u00e1 ocorreu, sem que tenha sido constatado sequer um caso comprovado de fraude. Esse aspecto \u00e9 muito importante para tranquilizar os brasileiros de que a sua manifesta\u00e7\u00e3o de vontade nas urnas ser\u00e1 contabilizada exatamente na medida em que foi depositada na urna\u201d, afirmou Rosa Weber.<\/p>\n<p>A procuradora-geral eleitoral, Raquel Dodge, tamb\u00e9m destacou a seguran\u00e7a do sistema eleitoral brasileiro. \u201cO sistema eleitoral \u00e9 seguro, garante elei\u00e7\u00f5es h\u00edgidas e que a vontade do eleitor ser\u00e1 aquela depositada na urna\u201d, disse Raquel. \u201c Isso \u00e9 muito importante porque as pessoas precisam acreditar que o sistema democr\u00e1tico n\u00e3o s\u00f3 funciona, mas est\u00e1 sendo garantido pela pr\u00f3pria Justi\u00e7a Eleitoral. A cerim\u00f4nia de hoje atraiu a presen\u00e7a de correspondentes internacionais, n\u00e3o s\u00f3 da \u00e1rea da imprensa, de organiza\u00e7\u00f5es independentes que vieram analisar a higidez desse sistema\u201d, ressaltou a procuradora.<\/p>\n<p>Raquel Dodge afirmou que o Brasil precisa se orgulhar de ter uma Justi\u00e7a Eleitoral s\u00f3lida, que funciona diuturnamente, cumprindo prazos, para que, no dia das elei\u00e7\u00f5es, todas as quest\u00f5es estejam resolvidas e a urna eletr\u00f4nica funcionando adequadamente e de forma segura.<\/p>\n<p>\u201cN\u00e3o \u00e9 f\u00e1cil atingir esse ponto de maturidade que o Tribunal Superior Eleitoral atingiu, a ponto de debelar todas as mazelas de fraudes eleitorais que o Brasil apresentava em anos passados e hoje, com a urna eletr\u00f4nica, isso n\u00e3o mais acontece. S\u00e3o quase 140 milh\u00f5es de eleitores num territ\u00f3rio continental que podem contar com a certeza de que a urna funciona e que ela est\u00e1 habilitada a contar adequadamente a vontade do eleitor\u201d, acrescentou a procuradora.<\/p>\n<h2>Democracia<\/h2>\n<p>O presidente do Supremo Tribunal Federal (STF), ministro Dias Toffoli, lembrou a pesquisa do instituto Datafolha, divulgada ontem, segundo a qual 69% dos brasileiros consideram a democracia o melhor regime de governo. \u201cEssa pesquisa tem um hist\u00f3rico que demostra que estamos vivendo o momento de maior credibilidade da democracia. Isto \u00e9 muito importante \u2013 o povo acreditar que o melhor regime \u00e9 o estado democr\u00e1tico de direito. Parab\u00e9ns ao povo brasileiro\u201d, afirmou Toffoli.<\/p>\n<p>Fonte: Ag\u00eancia Brasil<\/p>\n","protected":false},"excerpt":{"rendered":"<p>A presidente do Tribunal Superior Eleitoral (TSE), ministra Rosa Weber, afirmou neste s\u00e1bado, 6, que o sistema eletr\u00f4nico de vota\u00e7\u00e3o brasileiro \u00e9 \u201c\u00e1gil, seguro, confi\u00e1vel e, sobretudo, audit\u00e1vel\u201d. A afirma\u00e7\u00e3o foi feita depois de cerim\u00f4nia de verifica\u00e7\u00e3o de assinatura do Sistema de Gerenciamento da Totaliza\u00e7\u00e3o das Elei\u00e7\u00f5es e de visita ao Centro de Divulga\u00e7\u00e3o das [&hellip;]<\/p>\n","protected":false},"author":96,"featured_media":121847,"comment_status":"closed","ping_status":"closed","sticky":false,"template":"","format":"standard","meta":{"footnotes":""},"categories":[436,254,439],"tags":[],"class_list":["post-121844","post","type-post","status-publish","format-standard","has-post-thumbnail","hentry","category-destaque-da-semana","category-politica","category-ultima-hora"],"_links":{"self":[{"href":"https:\/\/diarioregionaldigital.com.br\/index.php?rest_route=\/wp\/v2\/posts\/121844","targetHints":{"allow":["GET"]}}],"collection":[{"href":"https:\/\/diarioregionaldigital.com.br\/index.php?rest_route=\/wp\/v2\/posts"}],"about":[{"href":"https:\/\/diarioregionaldigital.com.br\/index.php?rest_route=\/wp\/v2\/types\/post"}],"author":[{"embeddable":true,"href":"https:\/\/diarioregionaldigital.com.br\/index.php?rest_route=\/wp\/v2\/users\/96"}],"replies":[{"embeddable":true,"href":"https:\/\/diarioregionaldigital.com.br\/index.php?rest_route=%2Fwp%2Fv2%2Fcomments&post=121844"}],"version-history":[{"count":0,"href":"https:\/\/diarioregionaldigital.com.br\/index.php?rest_route=\/wp\/v2\/posts\/121844\/revisions"}],"wp:featuredmedia":[{"embeddable":true,"href":"https:\/\/diarioregionaldigital.com.br\/index.php?rest_route=\/wp\/v2\/media\/121847"}],"wp:attachment":[{"href":"https:\/\/diarioregionaldigital.com.br\/index.php?rest_route=%2Fwp%2Fv2%2Fmedia&parent=121844"}],"wp:term":[{"taxonomy":"category","embeddable":true,"href":"https:\/\/diarioregionaldigital.com.br\/index.php?rest_route=%2Fwp%2Fv2%2Fcategories&post=121844"},{"taxonomy":"post_tag","embeddable":true,"href":"https:\/\/diarioregionaldigital.com.br\/index.php?rest_route=%2Fwp%2Fv2%2Ftags&post=121844"}],"curies":[{"name":"wp","href":"https:\/\/api.w.org\/{rel}","templated":true}]}}