{"id":121842,"date":"2018-10-06T12:15:08","date_gmt":"2018-10-06T15:15:08","guid":{"rendered":"https:\/\/diarioregionaldigital.com.br\/?p=121842"},"modified":"2018-10-06T12:15:08","modified_gmt":"2018-10-06T15:15:08","slug":"homem-e-baleado-no-bairro-bela-vista-em-leopoldina","status":"publish","type":"post","link":"https:\/\/diarioregionaldigital.com.br\/?p=121842","title":{"rendered":"Homem \u00e9 baleado no Bairro Bela Vista em Leopoldina"},"content":{"rendered":"<p>Um rapaz, de 24 anos, foi baleado no in\u00edcio da madrugada deste s\u00e1bado, 6, no Bairro Bela Vista, em Leopoldina. De acordo com a Pol\u00edcia Militar, o jovem relatou que um carro passou pela Rua Francisco Fortes da Silva e efetuou os disparos. A v\u00edtima foi atingida no bra\u00e7o e no t\u00f3rax e socorrida pelo Servi\u00e7o de Atendimento M\u00f3vel de Urg\u00eancia para o Pronto-Socorro Municipal da Casa de Caridade Leopoldinense.\u00a0A Reportagem n\u00e3o conseguiu informa\u00e7\u00f5es sobre o estado de sa\u00fade do ferido.<\/p>\n<p>Ainda de acordo com a pol\u00edcia, o rapaz foi encontrado ca\u00eddo ao solo com perfura\u00e7\u00f5es de arma de fogo e narrou que o autor dos disparos teria utilizado um ve\u00edculo VW\/Santana de cor azul. A guarni\u00e7\u00e3o de apoio realizou rastreamentos e localizou um dos suspeito dos disparos, que negou a autoria. O ve\u00edculo de sua propriedade tamb\u00e9m n\u00e3o possu\u00eda as caracter\u00edsticas relatadas pela v\u00edtima. Ele foi ouvido pelo delegado de plant\u00e3o e liberado em seguida.<\/p>\n<p>Ainda n\u00e3o h\u00e1 informa\u00e7\u00f5es sobre a motiva\u00e7\u00e3o do crime. O caso ser\u00e1 investigado pela Pol\u00edcia Civil de Leopoldina.<\/p>\n<p>Fonte: O Vigilante Online<\/p>\n","protected":false},"excerpt":{"rendered":"<p>Um rapaz, de 24 anos, foi baleado no in\u00edcio da madrugada deste s\u00e1bado, 6, no Bairro Bela Vista, em Leopoldina. De acordo com a Pol\u00edcia Militar, o jovem relatou que um carro passou pela Rua Francisco Fortes da Silva e efetuou os disparos. A v\u00edtima foi atingida no bra\u00e7o e no t\u00f3rax e socorrida pelo [&hellip;]<\/p>\n","protected":false},"author":96,"featured_media":97342,"comment_status":"closed","ping_status":"closed","sticky":false,"template":"","format":"standard","meta":{"footnotes":""},"categories":[436,252,439],"tags":[],"class_list":["post-121842","post","type-post","status-publish","format-standard","has-post-thumbnail","hentry","category-destaque-da-semana","category-regiao","category-ultima-hora"],"_links":{"self":[{"href":"https:\/\/diarioregionaldigital.com.br\/index.php?rest_route=\/wp\/v2\/posts\/121842","targetHints":{"allow":["GET"]}}],"collection":[{"href":"https:\/\/diarioregionaldigital.com.br\/index.php?rest_route=\/wp\/v2\/posts"}],"about":[{"href":"https:\/\/diarioregionaldigital.com.br\/index.php?rest_route=\/wp\/v2\/types\/post"}],"author":[{"embeddable":true,"href":"https:\/\/diarioregionaldigital.com.br\/index.php?rest_route=\/wp\/v2\/users\/96"}],"replies":[{"embeddable":true,"href":"https:\/\/diarioregionaldigital.com.br\/index.php?rest_route=%2Fwp%2Fv2%2Fcomments&post=121842"}],"version-history":[{"count":0,"href":"https:\/\/diarioregionaldigital.com.br\/index.php?rest_route=\/wp\/v2\/posts\/121842\/revisions"}],"wp:featuredmedia":[{"embeddable":true,"href":"https:\/\/diarioregionaldigital.com.br\/index.php?rest_route=\/wp\/v2\/media\/97342"}],"wp:attachment":[{"href":"https:\/\/diarioregionaldigital.com.br\/index.php?rest_route=%2Fwp%2Fv2%2Fmedia&parent=121842"}],"wp:term":[{"taxonomy":"category","embeddable":true,"href":"https:\/\/diarioregionaldigital.com.br\/index.php?rest_route=%2Fwp%2Fv2%2Fcategories&post=121842"},{"taxonomy":"post_tag","embeddable":true,"href":"https:\/\/diarioregionaldigital.com.br\/index.php?rest_route=%2Fwp%2Fv2%2Ftags&post=121842"}],"curies":[{"name":"wp","href":"https:\/\/api.w.org\/{rel}","templated":true}]}}