{"id":121822,"date":"2018-10-06T10:10:18","date_gmt":"2018-10-06T13:10:18","guid":{"rendered":"https:\/\/diarioregionaldigital.com.br\/?p=121822"},"modified":"2018-10-06T10:19:03","modified_gmt":"2018-10-06T13:19:03","slug":"homens-roubam-moto-no-bairro-santos-anjos","status":"publish","type":"post","link":"https:\/\/diarioregionaldigital.com.br\/?p=121822","title":{"rendered":"Homens roubam moto no bairro Santos Anjos"},"content":{"rendered":"<p>Um homem de 32 anos teve a moto roubada nessa sexta-feira, 05, por volta das 22h, em Juiz de Fora. Ele estava\u00a0no cruzamento da Rua Juiz de Fora com Avenida Sete de Setembro, no bairro Sants Anjos, na regi\u00e3o Sudeste da cidade, quando foi surpreendido por um indiv\u00edduo negro, armado com um rev\u00f3lver. O autor exigiu que a v\u00edtima descesse da moto, momento em que um comparsa chegou e assumiu a dire\u00e7\u00e3o da moto.<\/p>\n<p>Os dois fugiram no sentido ao bairro S\u00e3o Bernardo, zona Leste da cidade, n\u00e3o sendo localizados pela Pol\u00edcia Militar.<\/p>\n<p>&nbsp;<\/p>\n<p>&nbsp;<\/p>\n","protected":false},"excerpt":{"rendered":"<p>Um homem de 32 anos teve a moto roubada nessa sexta-feira, 05, por volta das 22h, em Juiz de Fora. Ele estava\u00a0no cruzamento da Rua Juiz de Fora com Avenida Sete de Setembro, no bairro Sants Anjos, na regi\u00e3o Sudeste da cidade, quando foi surpreendido por um indiv\u00edduo negro, armado com um rev\u00f3lver. O autor [&hellip;]<\/p>\n","protected":false},"author":96,"featured_media":95836,"comment_status":"closed","ping_status":"closed","sticky":false,"template":"","format":"standard","meta":{"footnotes":""},"categories":[301],"tags":[],"class_list":["post-121822","post","type-post","status-publish","format-standard","has-post-thumbnail","hentry","category-artigos-policiais"],"_links":{"self":[{"href":"https:\/\/diarioregionaldigital.com.br\/index.php?rest_route=\/wp\/v2\/posts\/121822","targetHints":{"allow":["GET"]}}],"collection":[{"href":"https:\/\/diarioregionaldigital.com.br\/index.php?rest_route=\/wp\/v2\/posts"}],"about":[{"href":"https:\/\/diarioregionaldigital.com.br\/index.php?rest_route=\/wp\/v2\/types\/post"}],"author":[{"embeddable":true,"href":"https:\/\/diarioregionaldigital.com.br\/index.php?rest_route=\/wp\/v2\/users\/96"}],"replies":[{"embeddable":true,"href":"https:\/\/diarioregionaldigital.com.br\/index.php?rest_route=%2Fwp%2Fv2%2Fcomments&post=121822"}],"version-history":[{"count":0,"href":"https:\/\/diarioregionaldigital.com.br\/index.php?rest_route=\/wp\/v2\/posts\/121822\/revisions"}],"wp:featuredmedia":[{"embeddable":true,"href":"https:\/\/diarioregionaldigital.com.br\/index.php?rest_route=\/wp\/v2\/media\/95836"}],"wp:attachment":[{"href":"https:\/\/diarioregionaldigital.com.br\/index.php?rest_route=%2Fwp%2Fv2%2Fmedia&parent=121822"}],"wp:term":[{"taxonomy":"category","embeddable":true,"href":"https:\/\/diarioregionaldigital.com.br\/index.php?rest_route=%2Fwp%2Fv2%2Fcategories&post=121822"},{"taxonomy":"post_tag","embeddable":true,"href":"https:\/\/diarioregionaldigital.com.br\/index.php?rest_route=%2Fwp%2Fv2%2Ftags&post=121822"}],"curies":[{"name":"wp","href":"https:\/\/api.w.org\/{rel}","templated":true}]}}