{"id":121818,"date":"2018-10-06T07:55:58","date_gmt":"2018-10-06T10:55:58","guid":{"rendered":"https:\/\/diarioregionaldigital.com.br\/?p=121818"},"modified":"2018-10-06T10:00:49","modified_gmt":"2018-10-06T13:00:49","slug":"confira-qual-e-a-ordem-de-votacao-na-urna-eletronica","status":"publish","type":"post","link":"https:\/\/diarioregionaldigital.com.br\/?p=121818","title":{"rendered":"Confira qual \u00e9 a ordem de vota\u00e7\u00e3o na urna eletr\u00f4nica"},"content":{"rendered":"<p>Neste domingo, 7, os eleitores v\u00e3o\u00a0\u00e0s urnas\u00a0escolher o novo presidente do Brasil, os governadores dos 26 estados e do Distrito Federal. Tamb\u00e9m ser\u00e3o escolhidos os 1.059 deputados estaduais das assembleias legislativas e 24 deputados distritais, 513\u00a0deputados federais e dois\u00a0ter\u00e7os,\u00a0ou seja, 54\u00a0senadores (que ficar\u00e3o os pr\u00f3ximos oito anos no Congresso).<\/p>\n<p>A ordem de vota\u00e7\u00e3o\u00a0sofreu uma pequena\u00a0mudan\u00e7a este ano em rela\u00e7\u00e3o ao pleito de 2014, quando o primeiro voto foi dado para o deputado estadual. A mudan\u00e7a decorre da Lei\u00a0n\u00ba 12.976, de maio de 2014, que alterou o par\u00e1grafo 3\u00ba do artigo 59 da Lei das Elei\u00e7\u00f5es (Lei n\u00ba 9.504\/1997) .<\/p>\n<h2>Ordem de vota\u00e7\u00e3o<\/h2>\n<p>O\u00a0eleitor escolher\u00e1 primeiro o deputado federal (quatro d\u00edgitos).\u00a0Depois, ser\u00e1 a vez de\u00a0votar para um deputado estadual (cinco d\u00edgitos), dois senadores (tr\u00eas d\u00edgitos), um governador (dois d\u00edgitos) e, por fim, o\u00a0presidente da Rep\u00fablica (dois d\u00edgitos).<\/p>\n<p>Ao digitar os n\u00fameros, aparecer\u00e3o a foto, o n\u00famero, o nome e a sigla do partido do candidato. Se as informa\u00e7\u00f5es estiverem corretas, aperte a tecla verde Confirma. Para o cargo de senador, o eleitor\u00a0deve fazer a\u00a0opera\u00e7\u00e3o duas vezes.<\/p>\n<p>A urna eletr\u00f4nica tamb\u00e9m tem a tecla Corrige, que permite ao eleitor mudar\u00a0o voto caso detecte algum erro.<\/p>\n<p>A Justi\u00e7a eleitoral disponibilizou um<a href=\"http:\/\/www.tse.jus.br\/eleicoes\/eleicoes-2018\/simulador-de-votacao-na-urna-eletronica\" target=\"_blank\" rel=\"noopener\">\u00a0simulador de vota\u00e7\u00e3o<\/a>\u00a0para o eleitor praticar e n\u00e3o se confundir no dia da vota\u00e7\u00e3o.<\/p>\n<h2>Voto na legenda<\/h2>\n<p>Nos casos de deputado federal e estadual, o eleitor pode\u00a0votar no partido, sem escolher um candidato espec\u00edfico. Neste caso, \u00e9 preciso\u00a0apertar\u00a0dois d\u00edgitos (n\u00fameros do partido).\u00a0\u00a0Antes da confirma\u00e7\u00e3o do voto, a urna apresentar\u00e1 a informa\u00e7\u00e3o do respectivo partido e mensagem alertando ao eleitor que, se confirmado o voto, ele ser\u00e1 computado para a legenda.<\/p>\n<h2>Voto nulo e em branco<\/h2>\n<p>H\u00e1 op\u00e7\u00e3o de\u00a0anular o voto,\u00a0nesse caso,\u00a0basta votar em um n\u00famero inexistente &#8211; que n\u00e3o seja de nenhum candidato ou partido &#8211; e confirmar.<\/p>\n<p>Para votos em branco, h\u00e1 uma tecla espec\u00edfica na urna eletr\u00f4nica.<\/p>\n<p>Os votos nulo e em branco n\u00e3o s\u00e3o considerados v\u00e1lidos, ou seja n\u00e3o entram na contagem para escolha de um candidato, s\u00e3o usados apenas para estat\u00edsticas.<\/p>\n<h2>Cola eleitoral<\/h2>\n<p>Para facilitar e dar agilidade \u00e0 vota\u00e7\u00e3o, a Justi\u00e7a Eleitoral sugere que o eleitor leve para a cabine de vota\u00e7\u00e3o a\u00a0<a href=\"http:\/\/www.justicaeleitoral.jus.br\/arquivos\/cola-eleitoral-2018\" target=\"_blank\" rel=\"noopener\">cola eleitoral<\/a>, em papel,\u00a0com os n\u00fameros dos seus candidatos. Celulares n\u00e3o s\u00e3o permitidos na cabine de vota\u00e7\u00e3o.<\/p>\n<p>Para serem eleitos chefes do Poder Executivo j\u00e1 no primeiro turno, os candidatos a presidente e os governadores precisam receber mais da metade dos votos v\u00e1lidos, exclu\u00eddos brancos e nulos. Caso isso n\u00e3o aconte\u00e7a, ser\u00e1 realizado um segundo turno, em\u00a028 de outubro, entre os dois que obtiverem maior vota\u00e7\u00e3o.<\/p>\n<p><em>Fonte: Ag\u00eancia Brasil<\/em><\/p>\n","protected":false},"excerpt":{"rendered":"<p>Neste domingo, 7, os eleitores v\u00e3o\u00a0\u00e0s urnas\u00a0escolher o novo presidente do Brasil, os governadores dos 26 estados e do Distrito Federal. Tamb\u00e9m ser\u00e3o escolhidos os 1.059 deputados estaduais das assembleias legislativas e 24 deputados distritais, 513\u00a0deputados federais e dois\u00a0ter\u00e7os,\u00a0ou seja, 54\u00a0senadores (que ficar\u00e3o os pr\u00f3ximos oito anos no Congresso). A ordem de vota\u00e7\u00e3o\u00a0sofreu uma pequena\u00a0mudan\u00e7a [&hellip;]<\/p>\n","protected":false},"author":96,"featured_media":0,"comment_status":"closed","ping_status":"closed","sticky":false,"template":"","format":"standard","meta":{"footnotes":""},"categories":[436,440,254,439],"tags":[],"class_list":["post-121818","post","type-post","status-publish","format-standard","hentry","category-destaque-da-semana","category-destaques-do-dia","category-politica","category-ultima-hora"],"_links":{"self":[{"href":"https:\/\/diarioregionaldigital.com.br\/index.php?rest_route=\/wp\/v2\/posts\/121818","targetHints":{"allow":["GET"]}}],"collection":[{"href":"https:\/\/diarioregionaldigital.com.br\/index.php?rest_route=\/wp\/v2\/posts"}],"about":[{"href":"https:\/\/diarioregionaldigital.com.br\/index.php?rest_route=\/wp\/v2\/types\/post"}],"author":[{"embeddable":true,"href":"https:\/\/diarioregionaldigital.com.br\/index.php?rest_route=\/wp\/v2\/users\/96"}],"replies":[{"embeddable":true,"href":"https:\/\/diarioregionaldigital.com.br\/index.php?rest_route=%2Fwp%2Fv2%2Fcomments&post=121818"}],"version-history":[{"count":0,"href":"https:\/\/diarioregionaldigital.com.br\/index.php?rest_route=\/wp\/v2\/posts\/121818\/revisions"}],"wp:attachment":[{"href":"https:\/\/diarioregionaldigital.com.br\/index.php?rest_route=%2Fwp%2Fv2%2Fmedia&parent=121818"}],"wp:term":[{"taxonomy":"category","embeddable":true,"href":"https:\/\/diarioregionaldigital.com.br\/index.php?rest_route=%2Fwp%2Fv2%2Fcategories&post=121818"},{"taxonomy":"post_tag","embeddable":true,"href":"https:\/\/diarioregionaldigital.com.br\/index.php?rest_route=%2Fwp%2Fv2%2Ftags&post=121818"}],"curies":[{"name":"wp","href":"https:\/\/api.w.org\/{rel}","templated":true}]}}