{"id":121817,"date":"2018-10-06T10:05:42","date_gmt":"2018-10-06T13:05:42","guid":{"rendered":"https:\/\/diarioregionaldigital.com.br\/?p=121817"},"modified":"2018-10-06T10:05:42","modified_gmt":"2018-10-06T13:05:42","slug":"homem-ameaca-esposa-de-morte-e-e-preso-no-bairro-vila-esperanca","status":"publish","type":"post","link":"https:\/\/diarioregionaldigital.com.br\/?p=121817","title":{"rendered":"Homem amea\u00e7a esposa de morte e \u00e9 preso no bairro Vila Esperan\u00e7a"},"content":{"rendered":"<p>Um homem de 55 anos foi preso em Juiz de Fora nessa sexta-feira enquadrado na Lei Maria da Penha. Morador do bairro Vila Esperan\u00e7a, zona Norte da cidade, o autor foi localizado na residencia onde mora, na Rua Jos\u00e9 Alves de Castro. A den\u00fancia vei da esposa dele, uma mulher de 49 anos, que alegou que o marido chegou em casa embriagado e, armado comum fac\u00e3o, a ame\u00e7ou de morte.<\/p>\n<p>Mesmo com a presen\u00e7a da Pol\u00edcia Militar, o autor continuou a amea\u00e7ar a v\u00edtima. Na casa ainda foram encontrados e apreendidos quatro cartuchos intactos de muni\u00e7\u00e3o, um fac\u00e3o e um rev\u00f3lver calibre 22. O autor preso e conduzido para a delegacia.<\/p>\n<p>&nbsp;<\/p>\n","protected":false},"excerpt":{"rendered":"<p>Um homem de 55 anos foi preso em Juiz de Fora nessa sexta-feira enquadrado na Lei Maria da Penha. Morador do bairro Vila Esperan\u00e7a, zona Norte da cidade, o autor foi localizado na residencia onde mora, na Rua Jos\u00e9 Alves de Castro. A den\u00fancia vei da esposa dele, uma mulher de 49 anos, que alegou [&hellip;]<\/p>\n","protected":false},"author":96,"featured_media":95836,"comment_status":"closed","ping_status":"closed","sticky":false,"template":"","format":"standard","meta":{"footnotes":""},"categories":[301],"tags":[],"class_list":["post-121817","post","type-post","status-publish","format-standard","has-post-thumbnail","hentry","category-artigos-policiais"],"_links":{"self":[{"href":"https:\/\/diarioregionaldigital.com.br\/index.php?rest_route=\/wp\/v2\/posts\/121817","targetHints":{"allow":["GET"]}}],"collection":[{"href":"https:\/\/diarioregionaldigital.com.br\/index.php?rest_route=\/wp\/v2\/posts"}],"about":[{"href":"https:\/\/diarioregionaldigital.com.br\/index.php?rest_route=\/wp\/v2\/types\/post"}],"author":[{"embeddable":true,"href":"https:\/\/diarioregionaldigital.com.br\/index.php?rest_route=\/wp\/v2\/users\/96"}],"replies":[{"embeddable":true,"href":"https:\/\/diarioregionaldigital.com.br\/index.php?rest_route=%2Fwp%2Fv2%2Fcomments&post=121817"}],"version-history":[{"count":0,"href":"https:\/\/diarioregionaldigital.com.br\/index.php?rest_route=\/wp\/v2\/posts\/121817\/revisions"}],"wp:featuredmedia":[{"embeddable":true,"href":"https:\/\/diarioregionaldigital.com.br\/index.php?rest_route=\/wp\/v2\/media\/95836"}],"wp:attachment":[{"href":"https:\/\/diarioregionaldigital.com.br\/index.php?rest_route=%2Fwp%2Fv2%2Fmedia&parent=121817"}],"wp:term":[{"taxonomy":"category","embeddable":true,"href":"https:\/\/diarioregionaldigital.com.br\/index.php?rest_route=%2Fwp%2Fv2%2Fcategories&post=121817"},{"taxonomy":"post_tag","embeddable":true,"href":"https:\/\/diarioregionaldigital.com.br\/index.php?rest_route=%2Fwp%2Fv2%2Ftags&post=121817"}],"curies":[{"name":"wp","href":"https:\/\/api.w.org\/{rel}","templated":true}]}}