{"id":121812,"date":"2018-10-06T09:47:46","date_gmt":"2018-10-06T12:47:46","guid":{"rendered":"https:\/\/diarioregionaldigital.com.br\/?p=121812"},"modified":"2018-10-06T09:47:46","modified_gmt":"2018-10-06T12:47:46","slug":"jovem-e-baleado-no-bairro-parque-das-torres","status":"publish","type":"post","link":"https:\/\/diarioregionaldigital.com.br\/?p=121812","title":{"rendered":"Jovem \u00e9 baleado no bairro Parque das Torres"},"content":{"rendered":"<p>Um jovem de 20 anos sofreu uma les\u00e3o corporal nessa sexta-feira. 05, no bairro Parque das Torres, na zona Norte de Juiz de Fora.<\/p>\n<p>Segundo relato do rapaz \u00e0 Pol\u00edcia Militar, ele passava pela Rua P, por volta das 21h30, quando cerca de cinco indiv\u00edduos de bicicleta e usando touca ninja o abordaram. Um dos autores estava armado e fez alguns disparos, atingindo as costas da v\u00edtima.<\/p>\n<p>O\u00a0 baleado foi encaminhado ao\u00a0Hospital de Pronto Socorro Dr. Mozart Teixeira (HPS), onde passou por uma cirurgia e continua internado.<\/p>\n<p>Os autores n\u00e3o foram localizados. A v\u00edtima diz n\u00e3o saber a motiva\u00e7\u00e3o do crime, entretanto, a PM informou que o jovem tem um processo por homic\u00eddio correndo na Justi\u00e7a.<\/p>\n<p>&nbsp;<\/p>\n","protected":false},"excerpt":{"rendered":"<p>Um jovem de 20 anos sofreu uma les\u00e3o corporal nessa sexta-feira. 05, no bairro Parque das Torres, na zona Norte de Juiz de Fora. Segundo relato do rapaz \u00e0 Pol\u00edcia Militar, ele passava pela Rua P, por volta das 21h30, quando cerca de cinco indiv\u00edduos de bicicleta e usando touca ninja o abordaram. Um dos [&hellip;]<\/p>\n","protected":false},"author":96,"featured_media":95836,"comment_status":"closed","ping_status":"closed","sticky":false,"template":"","format":"standard","meta":{"footnotes":""},"categories":[301],"tags":[],"class_list":["post-121812","post","type-post","status-publish","format-standard","has-post-thumbnail","hentry","category-artigos-policiais"],"_links":{"self":[{"href":"https:\/\/diarioregionaldigital.com.br\/index.php?rest_route=\/wp\/v2\/posts\/121812","targetHints":{"allow":["GET"]}}],"collection":[{"href":"https:\/\/diarioregionaldigital.com.br\/index.php?rest_route=\/wp\/v2\/posts"}],"about":[{"href":"https:\/\/diarioregionaldigital.com.br\/index.php?rest_route=\/wp\/v2\/types\/post"}],"author":[{"embeddable":true,"href":"https:\/\/diarioregionaldigital.com.br\/index.php?rest_route=\/wp\/v2\/users\/96"}],"replies":[{"embeddable":true,"href":"https:\/\/diarioregionaldigital.com.br\/index.php?rest_route=%2Fwp%2Fv2%2Fcomments&post=121812"}],"version-history":[{"count":0,"href":"https:\/\/diarioregionaldigital.com.br\/index.php?rest_route=\/wp\/v2\/posts\/121812\/revisions"}],"wp:featuredmedia":[{"embeddable":true,"href":"https:\/\/diarioregionaldigital.com.br\/index.php?rest_route=\/wp\/v2\/media\/95836"}],"wp:attachment":[{"href":"https:\/\/diarioregionaldigital.com.br\/index.php?rest_route=%2Fwp%2Fv2%2Fmedia&parent=121812"}],"wp:term":[{"taxonomy":"category","embeddable":true,"href":"https:\/\/diarioregionaldigital.com.br\/index.php?rest_route=%2Fwp%2Fv2%2Fcategories&post=121812"},{"taxonomy":"post_tag","embeddable":true,"href":"https:\/\/diarioregionaldigital.com.br\/index.php?rest_route=%2Fwp%2Fv2%2Ftags&post=121812"}],"curies":[{"name":"wp","href":"https:\/\/api.w.org\/{rel}","templated":true}]}}