{"id":121806,"date":"2018-10-06T09:32:24","date_gmt":"2018-10-06T12:32:24","guid":{"rendered":"https:\/\/diarioregionaldigital.com.br\/?p=121806"},"modified":"2018-10-06T09:35:21","modified_gmt":"2018-10-06T12:35:21","slug":"121806-pedestres-sao-assaltados","status":"publish","type":"post","link":"https:\/\/diarioregionaldigital.com.br\/?p=121806","title":{"rendered":"Quatro pedestres s\u00e3o assaltados em Juiz de Fora no mesmo dia"},"content":{"rendered":"<p>Juiz de Fora registrou nessa sexta-feira, 05, quatro assaltos a pedestres em regi\u00f5es diferentes da cidade. Um dos casos aconteceu na Rua S\u00e3o Sebasti\u00e3o, no Centro. Um mulher de 32 anos passava pelo local pouco antes das 18h, quando foi abordada por um homem negro armado com um rev\u00f3lver. O autor agrediu a v\u00edtima com um tapa no rosto e roubou o celular dela. Em seguida, ele fugiu e n\u00e3o foi encontrado pela Pol\u00edcia Militar (PM).<\/p>\n<p>Nessa mesma rua, uma outra mulher foi assaltada cerca de duas horas depois. O crime aconteceu nos mesmos moldes do primeiro caso: um homem armado abordou a v\u00edtima e levou o celular dela, fugindo em seguida.<\/p>\n<p>Em Benfica, na zona Norte da cidade, um adolescente tamb\u00e9m teve o celular roubado por um assaltante armado. O jovem passava pela Avenida Juscelino Kubitschek por volta das 22h, quando foi surpreendido pelo homem que roubou o telefone e fugiu a p\u00e9, n\u00e3o sendo localizado pela PM.<\/p>\n<p>O terceiro assalto foi na Rua Rio de Janeiro, no bairro Grama, na regi\u00e3o Nordeste de Juiz de Fora. Um homem de 44 anos foi abordado por tr\u00eas indiv\u00edduos, um deles armado, que anunciaram o assalto subtraindo R$ 525 e um aparelho celular. Ap\u00f3s o crime, os tr\u00eas fugiram, mas dois deles foram encontrados durante um rastreamento feito pelos policiais militares. Os dois autores s\u00e3o menores e possuem 16 anos.<\/p>\n<p>Foram recuperados R$264 do total roubado. O restante do dinheiro e o terceiro assaltante n\u00e3o foram localizados.<\/p>\n","protected":false},"excerpt":{"rendered":"<p>Juiz de Fora registrou nessa sexta-feira, 05, quatro assaltos a pedestres em regi\u00f5es diferentes da cidade. Um dos casos aconteceu na Rua S\u00e3o Sebasti\u00e3o, no Centro. Um mulher de 32 anos passava pelo local pouco antes das 18h, quando foi abordada por um homem negro armado com um rev\u00f3lver. O autor agrediu a v\u00edtima com [&hellip;]<\/p>\n","protected":false},"author":96,"featured_media":97342,"comment_status":"closed","ping_status":"closed","sticky":false,"template":"","format":"standard","meta":{"footnotes":""},"categories":[301],"tags":[],"class_list":["post-121806","post","type-post","status-publish","format-standard","has-post-thumbnail","hentry","category-artigos-policiais"],"_links":{"self":[{"href":"https:\/\/diarioregionaldigital.com.br\/index.php?rest_route=\/wp\/v2\/posts\/121806","targetHints":{"allow":["GET"]}}],"collection":[{"href":"https:\/\/diarioregionaldigital.com.br\/index.php?rest_route=\/wp\/v2\/posts"}],"about":[{"href":"https:\/\/diarioregionaldigital.com.br\/index.php?rest_route=\/wp\/v2\/types\/post"}],"author":[{"embeddable":true,"href":"https:\/\/diarioregionaldigital.com.br\/index.php?rest_route=\/wp\/v2\/users\/96"}],"replies":[{"embeddable":true,"href":"https:\/\/diarioregionaldigital.com.br\/index.php?rest_route=%2Fwp%2Fv2%2Fcomments&post=121806"}],"version-history":[{"count":0,"href":"https:\/\/diarioregionaldigital.com.br\/index.php?rest_route=\/wp\/v2\/posts\/121806\/revisions"}],"wp:featuredmedia":[{"embeddable":true,"href":"https:\/\/diarioregionaldigital.com.br\/index.php?rest_route=\/wp\/v2\/media\/97342"}],"wp:attachment":[{"href":"https:\/\/diarioregionaldigital.com.br\/index.php?rest_route=%2Fwp%2Fv2%2Fmedia&parent=121806"}],"wp:term":[{"taxonomy":"category","embeddable":true,"href":"https:\/\/diarioregionaldigital.com.br\/index.php?rest_route=%2Fwp%2Fv2%2Fcategories&post=121806"},{"taxonomy":"post_tag","embeddable":true,"href":"https:\/\/diarioregionaldigital.com.br\/index.php?rest_route=%2Fwp%2Fv2%2Ftags&post=121806"}],"curies":[{"name":"wp","href":"https:\/\/api.w.org\/{rel}","templated":true}]}}