{"id":121804,"date":"2018-10-06T09:08:03","date_gmt":"2018-10-06T12:08:03","guid":{"rendered":"https:\/\/diarioregionaldigital.com.br\/?p=121804"},"modified":"2018-10-06T09:08:03","modified_gmt":"2018-10-06T12:08:03","slug":"homem-rouba-posto-de-gasolina-na-regiao-central-de-juiz-de-fora","status":"publish","type":"post","link":"https:\/\/diarioregionaldigital.com.br\/?p=121804","title":{"rendered":"Homem rouba posto de gasolina na regi\u00e3o central de Juiz de Fora"},"content":{"rendered":"<p>Um posto de gasolina foi roubado em Juiz de Fora nessa sexta-feira, 05. O estabelecimento fica na Avenida Juscelino Kubitschek, na altura do bairro Francisco Bernardino, regi\u00e3o central da cidade. Pouco antes das 18h, dois frentistas que trabalhavam no local foram supreendidos por um homem que chegou de bicicleta e armado com um rev\u00f3lver.<\/p>\n<p>De acordo com as v\u00edtimas, de 50 e 25 anos, o autor anunciou o roubo e fugiu levando R$200. At\u00e9 o momento ele n\u00e3o foi encontrado pela Pol\u00edcia Militar.<\/p>\n<p>&nbsp;<\/p>\n","protected":false},"excerpt":{"rendered":"<p>Um posto de gasolina foi roubado em Juiz de Fora nessa sexta-feira, 05. O estabelecimento fica na Avenida Juscelino Kubitschek, na altura do bairro Francisco Bernardino, regi\u00e3o central da cidade. Pouco antes das 18h, dois frentistas que trabalhavam no local foram supreendidos por um homem que chegou de bicicleta e armado com um rev\u00f3lver. De [&hellip;]<\/p>\n","protected":false},"author":96,"featured_media":95836,"comment_status":"closed","ping_status":"closed","sticky":false,"template":"","format":"standard","meta":{"footnotes":""},"categories":[301],"tags":[],"class_list":["post-121804","post","type-post","status-publish","format-standard","has-post-thumbnail","hentry","category-artigos-policiais"],"_links":{"self":[{"href":"https:\/\/diarioregionaldigital.com.br\/index.php?rest_route=\/wp\/v2\/posts\/121804","targetHints":{"allow":["GET"]}}],"collection":[{"href":"https:\/\/diarioregionaldigital.com.br\/index.php?rest_route=\/wp\/v2\/posts"}],"about":[{"href":"https:\/\/diarioregionaldigital.com.br\/index.php?rest_route=\/wp\/v2\/types\/post"}],"author":[{"embeddable":true,"href":"https:\/\/diarioregionaldigital.com.br\/index.php?rest_route=\/wp\/v2\/users\/96"}],"replies":[{"embeddable":true,"href":"https:\/\/diarioregionaldigital.com.br\/index.php?rest_route=%2Fwp%2Fv2%2Fcomments&post=121804"}],"version-history":[{"count":0,"href":"https:\/\/diarioregionaldigital.com.br\/index.php?rest_route=\/wp\/v2\/posts\/121804\/revisions"}],"wp:featuredmedia":[{"embeddable":true,"href":"https:\/\/diarioregionaldigital.com.br\/index.php?rest_route=\/wp\/v2\/media\/95836"}],"wp:attachment":[{"href":"https:\/\/diarioregionaldigital.com.br\/index.php?rest_route=%2Fwp%2Fv2%2Fmedia&parent=121804"}],"wp:term":[{"taxonomy":"category","embeddable":true,"href":"https:\/\/diarioregionaldigital.com.br\/index.php?rest_route=%2Fwp%2Fv2%2Fcategories&post=121804"},{"taxonomy":"post_tag","embeddable":true,"href":"https:\/\/diarioregionaldigital.com.br\/index.php?rest_route=%2Fwp%2Fv2%2Ftags&post=121804"}],"curies":[{"name":"wp","href":"https:\/\/api.w.org\/{rel}","templated":true}]}}