{"id":121786,"date":"2018-10-05T15:38:30","date_gmt":"2018-10-05T18:38:30","guid":{"rendered":"https:\/\/diarioregionaldigital.com.br\/?p=121786"},"modified":"2018-10-05T15:38:30","modified_gmt":"2018-10-05T18:38:30","slug":"ufjf-realiza-domingo-no-campus","status":"publish","type":"post","link":"https:\/\/diarioregionaldigital.com.br\/?p=121786","title":{"rendered":"UFJF realiza domingo no Campus"},"content":{"rendered":"<p>Como j\u00e1 \u00e9 tradi\u00e7\u00e3o, no primeiro domingo do m\u00eas, \u00e9 realizado o \u201cDomingo no Campus\u201d, e neste outubro n\u00e3o ser\u00e1 diferente. A Pra\u00e7a C\u00edvica da Universidade Federal de Juiz de Fora (UFJF) ser\u00e1 palco de atividades para todos os tipos de p\u00fablico.<\/p>\n<p>O evento, que acontece das 9h \u00e0s 13h, recebe interessados em projetos como as oficinas de montagem de brinquedos com materiais recicl\u00e1veis e as atividades de bordado. Tamb\u00e9m ser\u00e1 oferecido o projeto de Musicaliza\u00e7\u00e3o com o N\u00facleo de Desenvolvimento Musical Funga Alafia, coordenado pelo professor Estev\u00e3o Maciel.<\/p>\n<p>Os participantes poder\u00e3o ainda desfrutar das oficinas de \u201cconta\u00e7\u00e3o de hist\u00f3rias\u201d com a \u201cTia Nilc\u00e9a\u201d, figurinha carimbada no projeto. O projeto ainda ter\u00e1 gin\u00e1stica para a terceira idade, resgate de brincadeiras populares, como jogos de rebater, bola, futebol de bot\u00e3o e de prego e pintura facial com artes da Fifia.<\/p>\n<p>A anima\u00e7\u00e3o fica por conta do DJ \u00c1lvaro Capute, o mestre de cerim\u00f4nias oficial do projeto, que traz muita descontra\u00e7\u00e3o e agito, com os mais diversos sucessos musicais. Quem passar pela Pra\u00e7a C\u00edvica na manh\u00e3 de domingo poder\u00e1 ainda participar do projeto de extens\u00e3o da UFJF \u201cRecicle: t\u00e9cnicas sustent\u00e1veis e troca de saberes\u201d, que foi criado para conscientizar a popula\u00e7\u00e3o, independente da idade sobre a import\u00e2ncia da reciclagem, al\u00e9m de ser um espa\u00e7o para a troca de experi\u00eancias relacionadas ao tema.<\/p>\n<p>Para o coordenador do projeto de extens\u00e3o, M\u00e1rcio Guerra, a realiza\u00e7\u00e3o cont\u00ednua do Domingo no Campus \u00e9 sinal de consolida\u00e7\u00e3o e cumprimento de sua miss\u00e3o, receber a comunidade do entorno da UFJF. \u201cBuscaremos, nestas \u00faltimas tr\u00eas edi\u00e7\u00f5es do ano intensificar o contato com a comunidade do entorno, um dos principais objetivos do projeto. Conseguir manter a presen\u00e7a desse p\u00fablico, como temos feito, \u00e9 sinal de que estamos no caminho certo\u201d, diz.<\/p>\n<p>\u201cVer a comunidade presente \u00e9 a realiza\u00e7\u00e3o de um sonho que t\u00ednhamos na funda\u00e7\u00e3o deste, mas nossa percep\u00e7\u00e3o agora \u00e9 de uma maior diversidade. Percebemos maior volume de interessados em estar presentes no Domingo, principalmente da comunidade acad\u00eamica, o que demonstra tamb\u00e9m que a comunidade interna abra\u00e7ou o projeto\u201d, completa M\u00e1rcio.<\/p>\n<p><strong>Novidades da edi\u00e7\u00e3o<br \/>\n<\/strong>Essa edi\u00e7\u00e3o do Domingo no Campus contar\u00e1 com a participa\u00e7\u00e3o do Col\u00e9gio Stella Matutina, com as oficinas de Basquete, Futsal e Gin\u00e1stica Art\u00edstica. As atividades acontecer\u00e3o no per\u00edodo da manh\u00e3 e s\u00e3o abertas para o p\u00fablico.<\/p>\n<p>Outra atra\u00e7\u00e3o especial desta edi\u00e7\u00e3o do projeto \u00e9 a \u201cPrimeira exposi\u00e7\u00e3o de Amaryllis de Juiz de Fora\u201d. Idealizada por Sirley Maria de Souza a exposi\u00e7\u00e3o trar\u00e1 mudas da flor Amaryllis, tamb\u00e9m conhecida como Flor da Imperatriz ou A\u00e7ucena, que floresce nessa esta\u00e7\u00e3o com uma diversidade de tonalidades.<\/p>\n<p>Al\u00e9m de trazer as mudas da flor, Sirley tamb\u00e9m ensinar\u00e1 a realizar o cultivo correto, assim como o cuidado da flor que leva quase 300 dias para desabrochar.<\/p>\n<p>&nbsp;<\/p>\n<p>Fonte: Assessoria<\/p>\n","protected":false},"excerpt":{"rendered":"<p>Como j\u00e1 \u00e9 tradi\u00e7\u00e3o, no primeiro domingo do m\u00eas, \u00e9 realizado o \u201cDomingo no Campus\u201d, e neste outubro n\u00e3o ser\u00e1 diferente. A Pra\u00e7a C\u00edvica da Universidade Federal de Juiz de Fora (UFJF) ser\u00e1 palco de atividades para todos os tipos de p\u00fablico. O evento, que acontece das 9h \u00e0s 13h, recebe interessados em projetos como [&hellip;]<\/p>\n","protected":false},"author":96,"featured_media":121787,"comment_status":"closed","ping_status":"closed","sticky":false,"template":"","format":"standard","meta":{"footnotes":""},"categories":[253,439],"tags":[],"class_list":["post-121786","post","type-post","status-publish","format-standard","has-post-thumbnail","hentry","category-cidade","category-ultima-hora"],"_links":{"self":[{"href":"https:\/\/diarioregionaldigital.com.br\/index.php?rest_route=\/wp\/v2\/posts\/121786","targetHints":{"allow":["GET"]}}],"collection":[{"href":"https:\/\/diarioregionaldigital.com.br\/index.php?rest_route=\/wp\/v2\/posts"}],"about":[{"href":"https:\/\/diarioregionaldigital.com.br\/index.php?rest_route=\/wp\/v2\/types\/post"}],"author":[{"embeddable":true,"href":"https:\/\/diarioregionaldigital.com.br\/index.php?rest_route=\/wp\/v2\/users\/96"}],"replies":[{"embeddable":true,"href":"https:\/\/diarioregionaldigital.com.br\/index.php?rest_route=%2Fwp%2Fv2%2Fcomments&post=121786"}],"version-history":[{"count":0,"href":"https:\/\/diarioregionaldigital.com.br\/index.php?rest_route=\/wp\/v2\/posts\/121786\/revisions"}],"wp:featuredmedia":[{"embeddable":true,"href":"https:\/\/diarioregionaldigital.com.br\/index.php?rest_route=\/wp\/v2\/media\/121787"}],"wp:attachment":[{"href":"https:\/\/diarioregionaldigital.com.br\/index.php?rest_route=%2Fwp%2Fv2%2Fmedia&parent=121786"}],"wp:term":[{"taxonomy":"category","embeddable":true,"href":"https:\/\/diarioregionaldigital.com.br\/index.php?rest_route=%2Fwp%2Fv2%2Fcategories&post=121786"},{"taxonomy":"post_tag","embeddable":true,"href":"https:\/\/diarioregionaldigital.com.br\/index.php?rest_route=%2Fwp%2Fv2%2Ftags&post=121786"}],"curies":[{"name":"wp","href":"https:\/\/api.w.org\/{rel}","templated":true}]}}