{"id":121783,"date":"2018-10-05T14:56:44","date_gmt":"2018-10-05T17:56:44","guid":{"rendered":"https:\/\/diarioregionaldigital.com.br\/?p=121783"},"modified":"2018-10-05T14:56:44","modified_gmt":"2018-10-05T17:56:44","slug":"mais-de-15-milhoes-de-pessoas-estao-aptas-a-votar-em-minas","status":"publish","type":"post","link":"https:\/\/diarioregionaldigital.com.br\/?p=121783","title":{"rendered":"Mais de 15 milh\u00f5es de pessoas est\u00e3o aptas a votar em Minas"},"content":{"rendered":"<p>No pr\u00f3ximo dia\u00a07 de outubro,\u00a015.700.966 eleitores v\u00e3o \u00e0s urnas, em Minas Gerais, segundo maior col\u00e9gio eleitoral do Pa\u00eds, para eleger, no primeiro turno, seus representantes a cargos do Executivo (presidente da Rep\u00fablica e governador) e do Legislativo (senadores e deputados), em n\u00edvel nacional e estadual. No dia\u00a028 de outubro, havendo segundo turno, a ida \u00e0s urnas se repete.<\/p>\n<p>Al\u00e9m de procurar se informar sobre os candidatos, de forma a escolher aqueles com os quais mais se identifica e cujas ideias e propostas mais se aproximem de suas expectativas e reivindica\u00e7\u00f5es, o eleitor precisa tamb\u00e9m estar bem informado do ponto de vista pr\u00e1tico.<\/p>\n<p>Em Minas, est\u00e3o em disputa 53 cargos de deputado federal, 77 de deputado estadual, dois de senador, al\u00e9m do governador e presidente.<\/p>\n<p>Na vota\u00e7\u00e3o para senador, o eleitor dever\u00e1 votar em dois candidatos diferentes, que podem ser do mesmo partido ou de partidos diversos. Caso vote duas vezes no mesmo candidato, o segundo voto ser\u00e1 anulado.<\/p>\n<p>Para n\u00e3o se confundir, j\u00e1 que s\u00e3o muitos os cargos em disputa, o eleitor pode levar consigo uma \u201ccolinha\u201d, com os nomes e n\u00fameros dos candidatos de sua prefer\u00eancia.<\/p>\n<p>No\u00a0guia do eleitor, no site do\u00a0Tribunal Regional Eleitoral (TRE), no qual constam todas as informa\u00e7\u00f5es sobre o pleito, \u00e9 poss\u00edvel encontrar, para imprimir, um\u00a0modelo de c\u00e9dula a ser preenchida com a colinha.<\/p>\n<p>O hor\u00e1rio de vota\u00e7\u00e3o \u00e9 das\u00a08 \u00e0s 17 horas. \u00c9 poss\u00edvel\u00a0consultar os locais de vota\u00e7\u00e3o\u00a0no site do TRE ou por meio do aplicativo E-T\u00edtulo.<\/p>\n<div class=\"js_moveFoto noticias_multimidia_destacado hide right\">\n<div><strong style=\"color: #565656; font-size: 15px;\">Aplicativo \u00e9 novidade nas elei\u00e7\u00f5es 2018<\/strong><\/div>\n<\/div>\n<p>Em dezembro de 2017, a Justi\u00e7a Eleitoral lan\u00e7ou o\u00a0aplicativo E-T\u00edtulo, que permite ao eleitor acessar uma vers\u00e3o de seu t\u00edtulo pelo seu\u00a0<em>smartphone<\/em>\u00a0ou\u00a0<em>tablet<\/em>. O aplicativo pode ser baixado no Google Play e na App Store.<\/p>\n<p>Ao inserir no aplicativo o n\u00famero do seu t\u00edtulo eleitoral, seu nome, o nome da m\u00e3e e do pai e a data de nascimento, o E-T\u00edtulo ser\u00e1 validado e liberado.<\/p>\n<p>Ao ser acessado pela primeira vez, o documento ser\u00e1 gravado localmente e ficar\u00e1 dispon\u00edvel ao eleitor.<\/p>\n<p>Voto com biometria &#8211;\u00a0Eleitores de\u00a0Betim e Contagem,\u00a0na Regi\u00e3o Metropolitana de Belo Horizonte (RMBH),\u00a0e Uberaba e Uberl\u00e2ndia,\u00a0no Tri\u00e2ngulo Mineiro, devem ter especial aten\u00e7\u00e3o, j\u00e1 que os quatro munic\u00edpios\u00a0passaram por revis\u00e3o biom\u00e9trica obrigat\u00f3ria\u00a0entre fevereiro de 2017 e fevereiro de 2018.<\/p>\n<p>Eleitores com o t\u00edtulo cancelado n\u00e3o poder\u00e3o votar, pois, vencido o prazo para registrar a biometria, s\u00f3 v\u00e3o poder regularizar a situa\u00e7\u00e3o a partir de 5 de novembro de 2018.<\/p>\n<p>O eleitor que cadastrou os seus dados biom\u00e9tricos junto \u00e0 Justi\u00e7a Eleitoral apresentar\u00e1 ao mes\u00e1rio um documento oficial de identifica\u00e7\u00e3o e, em seguida, ter\u00e1 sua\u00a0identidade confirmada por meio de suas impress\u00f5es digitais\u00a0dos dedos polegar e indicador.<\/p>\n<p>O procedimento de confirma\u00e7\u00e3o da identidade do eleitor por meio de suas impress\u00f5es digitais poder\u00e1 ser repetido at\u00e9 quatro vezes. Caso n\u00e3o seja poss\u00edvel confirmar por aus\u00eancia de leitura das digitais, o presidente da mesa dever\u00e1 conferir se o n\u00famero do t\u00edtulo do eleitor digitado no terminal do mes\u00e1rio corresponde \u00e0 identifica\u00e7\u00e3o do eleitor e, se confirmada, indagar\u00e1 ao eleitor o ano do seu nascimento e o informar\u00e1 no terminal do mes\u00e1rio.<\/p>\n<p>Se coincidente a informa\u00e7\u00e3o do ano de nascimento, o eleitor estar\u00e1 habilitado a votar. Nesse caso, no entanto, ser\u00e1 necess\u00e1rio que o eleitor assine o\u00a0Caderno de Vota\u00e7\u00e3o. O fato ser\u00e1 anotado na ata da mesa e o eleitor ser\u00e1 orientado a comparecer, posteriormente, no cart\u00f3rio eleitoral para verifica\u00e7\u00e3o de seus dados biom\u00e9tricos.<\/p>\n<p><strong>Identifica\u00e7\u00e3o &#8211;<\/strong>\u00a0Para votar, o eleitor dever\u00e1 portar um documento oficial de identifica\u00e7\u00e3o com foto. S\u00e3o aceitos:<\/p>\n<ul>\n<li>Via digital do t\u00edtulo (E-T\u00edtulo) do eleitor que j\u00e1 tenha feito a coleta dos dados biom\u00e9tricos;<\/li>\n<li>Carteira de identidade, passaporte ou outro documento oficial com foto de valor legal equivalente, inclusive carteira de categoria profissional reconhecida por lei;<\/li>\n<li>Certificado de reservista;<\/li>\n<li>Carteira de trabalho;<\/li>\n<li>Carteira nacional de habilita\u00e7\u00e3o.<\/li>\n<\/ul>\n<p>O TRE ressalta que n\u00e3o ser\u00e3o aceitas certid\u00e3o de nascimento ou de casamento.<\/p>\n<p><strong>Voto em tr\u00e2nsito s\u00f3 para eleitor habilitado<\/strong><\/p>\n<p>S\u00f3 poder\u00e1 votar em tr\u00e2nsito o eleitor que tenha sido habilitado perante a Justi\u00e7a Eleitoral entre os dias 17 de julho e 23 de agosto.<\/p>\n<div class=\"js_moveVideo noticias_multimidia_destacado hide right\">\n<div class=\"jwplayer_loadingVideo\">\n<div id=\"js_jwplayerMediaVideoDestacado1\"><span style=\"color: #565656; font-size: 15px;\">Nesse caso, o\u00a0<\/span>voto em tr\u00e2nsito ser\u00e1 permitido aos eleitores que n\u00e3o estiverem em seus domic\u00edlios eleitorais no dia das elei\u00e7\u00f5es<span style=\"color: #565656; font-size: 15px;\">.<\/span><\/div>\n<\/div>\n<\/div>\n<p>Eles poder\u00e3o votar em tr\u00e2nsito em uma capital de estado ou em munic\u00edpio com mais de 100 mil eleitores, valendo o voto para presidente e vice, governador, senador, deputado federal e deputado estadual, desde que estejam dentro do estado onde votam.<\/p>\n<p>Se estiverem fora do estado onde votam, os eleitores poder\u00e3o votar em tr\u00e2nsito, tamb\u00e9m em alguma capital de estado ou em munic\u00edpio com mais de 100 mil eleitores, por\u00e9m apenas para presidente e vice.<\/p>\n<p>O eleitor que se habilitou para votar em tr\u00e2nsito e n\u00e3o o fizer dever\u00e1\u00a0justificar o n\u00e3o comparecimento, inclusive se estiver em seu munic\u00edpio de origem.<\/p>\n<p><strong>Voto no exterior &#8211;<\/strong>\u00a0O\u00a0eleitor residente no exterior\u00a0poder\u00e1 votar no pa\u00eds em que esteja residindo, apenas para presidente da Rep\u00fablica e vice, desde que tenha solicitado sua inscri\u00e7\u00e3o, at\u00e9 9 de maio de 2018, ao juiz da Zona Eleitoral do Exterior, administrada pelo TRE do Distrito Federal.<\/p>\n<p><strong>Aus\u00eancia pode ser justificada at\u00e9 60 dias ap\u00f3s o pleito<\/strong><\/p>\n<p>No dia das elei\u00e7\u00f5es,\u00a0o eleitor que estiver fora de sua cidade pode justificar a aus\u00eancia em qualquer local de vota\u00e7\u00e3o, das 8 \u00e0s 17 horas. Para isso, dever\u00e1 ter o n\u00famero do t\u00edtulo, um documento oficial de identifica\u00e7\u00e3o e preencher formul\u00e1rio de justificativa.<\/p>\n<div class=\"js_moveFoto noticias_multimidia_destacado hide left\">\n<div><span style=\"color: #565656; font-size: 15px;\">Se o eleitor n\u00e3o justificar no dia das elei\u00e7\u00f5es, tem at\u00e9\u00a0<\/span>60 dias\u00a0<span style=\"color: #565656; font-size: 15px;\">para faz\u00ea-lo (at\u00e9 6 de dezembro de 2018, com rela\u00e7\u00e3o ao primeiro turno, e at\u00e9 27 de dezembro de 2018, com rela\u00e7\u00e3o ao segundo turno),\u00a0<\/span>em qualquer cart\u00f3rio eleitoral<span style=\"color: #565656; font-size: 15px;\">, apresentando documento que justifique a aus\u00eancia (por exemplo, atestado m\u00e9dico).<\/span><\/div>\n<\/div>\n<p>Caso n\u00e3o tenha votado porque estava no exterior, o eleitor tem at\u00e9 30 dias, a contar do seu retorno ao Brasil, para justificar, e deve apresentar c\u00f3pia do documento oficial de identifica\u00e7\u00e3o e comprovante dos motivos alegados para justificar a impossibilidade do exerc\u00edcio do voto.<\/p>\n<p><strong>Proibi\u00e7\u00f5es &#8211;<\/strong>\u00a0\u00c9\u00a0proibido entrar na cabine de vota\u00e7\u00e3o com telefone celular, m\u00e1quina fotogr\u00e1fica, c\u00e2mera de v\u00eddeo, equipamento de radiocomunica\u00e7\u00e3o ou qualquer instrumento que possa comprometer o sigilo do voto. Esses aparelhos devem ficar retidos na mesa ou em local de escolha do eleitor enquanto ele estiver votando.<\/p>\n<p>Em Minas Gerais,\u00a0outras informa\u00e7\u00f5es sobre o pleito\u00a0podem ser obtidas pelos telefones 148 (Disque-eleitor) ou (31) 3291-0004.<\/p>\n<p><strong>Hotsite Elei\u00e7\u00f5es 2018 &#8211;<\/strong>\u00a0A ALMG lan\u00e7ou um\u00a0hotsite com conte\u00fados especiais sobre o processo eleitoral de 2018.\u00a0Na p\u00e1gina, est\u00e3o reunidos materiais produzidos pela TV Assembleia, \u00e1udios da R\u00e1dio Assembleia e not\u00edcias da Assessoria de Imprensa da ALMG. O objetivo \u00e9 oferecer ao eleitor informa\u00e7\u00f5es que o auxiliem a embasar seus votos e destaquem a import\u00e2ncia da sua participa\u00e7\u00e3o nos pleitos estaduais e federal.<\/p>\n<p>&nbsp;<\/p>\n<p>Fonte: Assessoria ALMG<\/p>\n","protected":false},"excerpt":{"rendered":"<p>No pr\u00f3ximo dia\u00a07 de outubro,\u00a015.700.966 eleitores v\u00e3o \u00e0s urnas, em Minas Gerais, segundo maior col\u00e9gio eleitoral do Pa\u00eds, para eleger, no primeiro turno, seus representantes a cargos do Executivo (presidente da Rep\u00fablica e governador) e do Legislativo (senadores e deputados), em n\u00edvel nacional e estadual. No dia\u00a028 de outubro, havendo segundo turno, a ida \u00e0s [&hellip;]<\/p>\n","protected":false},"author":96,"featured_media":121784,"comment_status":"closed","ping_status":"closed","sticky":false,"template":"","format":"standard","meta":{"footnotes":""},"categories":[436,254,439],"tags":[],"class_list":["post-121783","post","type-post","status-publish","format-standard","has-post-thumbnail","hentry","category-destaque-da-semana","category-politica","category-ultima-hora"],"_links":{"self":[{"href":"https:\/\/diarioregionaldigital.com.br\/index.php?rest_route=\/wp\/v2\/posts\/121783","targetHints":{"allow":["GET"]}}],"collection":[{"href":"https:\/\/diarioregionaldigital.com.br\/index.php?rest_route=\/wp\/v2\/posts"}],"about":[{"href":"https:\/\/diarioregionaldigital.com.br\/index.php?rest_route=\/wp\/v2\/types\/post"}],"author":[{"embeddable":true,"href":"https:\/\/diarioregionaldigital.com.br\/index.php?rest_route=\/wp\/v2\/users\/96"}],"replies":[{"embeddable":true,"href":"https:\/\/diarioregionaldigital.com.br\/index.php?rest_route=%2Fwp%2Fv2%2Fcomments&post=121783"}],"version-history":[{"count":0,"href":"https:\/\/diarioregionaldigital.com.br\/index.php?rest_route=\/wp\/v2\/posts\/121783\/revisions"}],"wp:featuredmedia":[{"embeddable":true,"href":"https:\/\/diarioregionaldigital.com.br\/index.php?rest_route=\/wp\/v2\/media\/121784"}],"wp:attachment":[{"href":"https:\/\/diarioregionaldigital.com.br\/index.php?rest_route=%2Fwp%2Fv2%2Fmedia&parent=121783"}],"wp:term":[{"taxonomy":"category","embeddable":true,"href":"https:\/\/diarioregionaldigital.com.br\/index.php?rest_route=%2Fwp%2Fv2%2Fcategories&post=121783"},{"taxonomy":"post_tag","embeddable":true,"href":"https:\/\/diarioregionaldigital.com.br\/index.php?rest_route=%2Fwp%2Fv2%2Ftags&post=121783"}],"curies":[{"name":"wp","href":"https:\/\/api.w.org\/{rel}","templated":true}]}}