{"id":121780,"date":"2018-10-05T14:30:04","date_gmt":"2018-10-05T17:30:04","guid":{"rendered":"https:\/\/diarioregionaldigital.com.br\/?p=121780"},"modified":"2018-10-05T14:30:04","modified_gmt":"2018-10-05T17:30:04","slug":"publicada-resolucao-sobre-a-lei-seca-para-o-dia-da-eleicao","status":"publish","type":"post","link":"https:\/\/diarioregionaldigital.com.br\/?p=121780","title":{"rendered":"Publicada resolu\u00e7\u00e3o sobre a \u201clei seca\u201d para o dia da elei\u00e7\u00e3o"},"content":{"rendered":"<p>Foi publicada nessa sexta-feira, 5, no Di\u00e1rio Oficial do Estado, a Resolu\u00e7\u00e3o Conjunta n\u00ba 06\/2018, que trata da venda, distribui\u00e7\u00e3o e fornecimento de bebidas alco\u00f3licas no dia da elei\u00e7\u00e3o em Minas Gerais. A norma \u00e9 assinada pela Secretaria de Estado de Seguran\u00e7a P\u00fablica, Secretaria de Estado de Administra\u00e7\u00e3o Prisional, Pol\u00edcia Civil de Minas Gerais, Pol\u00edcia Militar de Minas Gerais e Corpo de Bombeiros Militar de Minas Gerais,<\/p>\n<p>A comercializa\u00e7\u00e3o e distribui\u00e7\u00e3o de bebidas alco\u00f3licas ficar\u00e1 proibida entre 6h e 18h do dia 07 de outubro em todo o territ\u00f3rio mineiro. A norma tamb\u00e9m valer\u00e1 para o dia 28 de outubro, caso haja segundo turno.<\/p>\n<p>A fiscaliza\u00e7\u00e3o e a vigil\u00e2ncia para o cumprimento das determina\u00e7\u00f5es previstas na resolu\u00e7\u00e3o conjunta s\u00e3o de responsabilidade das for\u00e7as policiais. O cidad\u00e3o pode fazer den\u00fancias ligando para os telefones 190 e 181.<\/p>\n<p>&nbsp;<\/p>\n<p>Fonte: TRE MG<\/p>\n","protected":false},"excerpt":{"rendered":"<p>Foi publicada nessa sexta-feira, 5, no Di\u00e1rio Oficial do Estado, a Resolu\u00e7\u00e3o Conjunta n\u00ba 06\/2018, que trata da venda, distribui\u00e7\u00e3o e fornecimento de bebidas alco\u00f3licas no dia da elei\u00e7\u00e3o em Minas Gerais. A norma \u00e9 assinada pela Secretaria de Estado de Seguran\u00e7a P\u00fablica, Secretaria de Estado de Administra\u00e7\u00e3o Prisional, Pol\u00edcia Civil de Minas Gerais, Pol\u00edcia [&hellip;]<\/p>\n","protected":false},"author":96,"featured_media":121781,"comment_status":"closed","ping_status":"closed","sticky":false,"template":"","format":"standard","meta":{"footnotes":""},"categories":[440,254,252,439],"tags":[],"class_list":["post-121780","post","type-post","status-publish","format-standard","has-post-thumbnail","hentry","category-destaques-do-dia","category-politica","category-regiao","category-ultima-hora"],"_links":{"self":[{"href":"https:\/\/diarioregionaldigital.com.br\/index.php?rest_route=\/wp\/v2\/posts\/121780","targetHints":{"allow":["GET"]}}],"collection":[{"href":"https:\/\/diarioregionaldigital.com.br\/index.php?rest_route=\/wp\/v2\/posts"}],"about":[{"href":"https:\/\/diarioregionaldigital.com.br\/index.php?rest_route=\/wp\/v2\/types\/post"}],"author":[{"embeddable":true,"href":"https:\/\/diarioregionaldigital.com.br\/index.php?rest_route=\/wp\/v2\/users\/96"}],"replies":[{"embeddable":true,"href":"https:\/\/diarioregionaldigital.com.br\/index.php?rest_route=%2Fwp%2Fv2%2Fcomments&post=121780"}],"version-history":[{"count":0,"href":"https:\/\/diarioregionaldigital.com.br\/index.php?rest_route=\/wp\/v2\/posts\/121780\/revisions"}],"wp:featuredmedia":[{"embeddable":true,"href":"https:\/\/diarioregionaldigital.com.br\/index.php?rest_route=\/wp\/v2\/media\/121781"}],"wp:attachment":[{"href":"https:\/\/diarioregionaldigital.com.br\/index.php?rest_route=%2Fwp%2Fv2%2Fmedia&parent=121780"}],"wp:term":[{"taxonomy":"category","embeddable":true,"href":"https:\/\/diarioregionaldigital.com.br\/index.php?rest_route=%2Fwp%2Fv2%2Fcategories&post=121780"},{"taxonomy":"post_tag","embeddable":true,"href":"https:\/\/diarioregionaldigital.com.br\/index.php?rest_route=%2Fwp%2Fv2%2Ftags&post=121780"}],"curies":[{"name":"wp","href":"https:\/\/api.w.org\/{rel}","templated":true}]}}