{"id":121777,"date":"2018-10-05T14:10:26","date_gmt":"2018-10-05T17:10:26","guid":{"rendered":"https:\/\/diarioregionaldigital.com.br\/?p=121777"},"modified":"2018-10-05T14:10:26","modified_gmt":"2018-10-05T17:10:26","slug":"parque-halfeld-sedia-evento-de-adocao-de-animais","status":"publish","type":"post","link":"https:\/\/diarioregionaldigital.com.br\/?p=121777","title":{"rendered":"Parque Halfeld sedia evento de ado\u00e7\u00e3o de animais"},"content":{"rendered":"<p>C\u00e3es e gatos do Canil Municipal participam de mais um evento de ado\u00e7\u00e3o, neste s\u00e1bado, 6, no Parque Halfeld, realizado pelo Departamento de Controle Animal (Dcan) do Departamento Municipal de Limpeza Urbana (Demlurb). A a\u00e7\u00e3o, que faz parte da programa\u00e7\u00e3o de encerramento da 2\u00aa Semana de Prote\u00e7\u00e3o Animal, acontece entre 10 e 14 horas.<\/p>\n<p>No total, 23 animais estar\u00e3o em busca de um dono, todos com o cart\u00e3o de vacina\u00e7\u00e3o em dia. S\u00e3o 15 c\u00e3es adultos castrados de portes variados e oito gatos, incluindo filhotes. A gerente do Dcan, Miriam Neder, explica que o processo de ado\u00e7\u00e3o \u00e9 simples: \u201ca pessoa escolhe o animal com o qual mais se identifica e responde a um question\u00e1rio sobre adapta\u00e7\u00e3o de estilo de vida. Uma equipe do departamento avalia se \u00e9 compat\u00edvel ou n\u00e3o a ado\u00e7\u00e3o\u201d.<\/p>\n<p>Aqueles que se interessarem em ser volunt\u00e1rios no evento devem chegar \u00e0s 9h30. Eles ficar\u00e3o respons\u00e1veis pelo apoio no manejo dos animais e para orienta\u00e7\u00f5es ao p\u00fablico. Para os interessados em adotar que n\u00e3o puderem ir ao evento, o Dcan disp\u00f5e o \u201cDisque Ado\u00e7\u00e3o\u201d (3225-9933), que funciona das 8 \u00e0s 12 horas e das 13 \u00e0s 16 horas, al\u00e9m da p\u00e1gina do Facebook e o perfil no Instagram.<\/p>\n<p>Ainda no s\u00e1bado, dentro da 2\u00aa Semana de Prote\u00e7\u00e3o Animal, ser\u00e1 promovida uma \u201cC\u00e3ominhada\u201d, \u00e0s 15 horas, na Avenida Rui Barbosa, no Bairro Santa Terezinha, com concentra\u00e7\u00e3o no p\u00e1tio do Departamento de Edifica\u00e7\u00f5es e Estradas de Rodagem (DEER) e t\u00e9rmino na pra\u00e7a em frente \u00e0 igreja do mesmo bairro, onde os animais recebem b\u00ean\u00e7\u00e3o do padre.<\/p>\n<p>&nbsp;<\/p>\n<p>Fonte: Assessoria PJF<\/p>\n","protected":false},"excerpt":{"rendered":"<p>C\u00e3es e gatos do Canil Municipal participam de mais um evento de ado\u00e7\u00e3o, neste s\u00e1bado, 6, no Parque Halfeld, realizado pelo Departamento de Controle Animal (Dcan) do Departamento Municipal de Limpeza Urbana (Demlurb). A a\u00e7\u00e3o, que faz parte da programa\u00e7\u00e3o de encerramento da 2\u00aa Semana de Prote\u00e7\u00e3o Animal, acontece entre 10 e 14 horas. No [&hellip;]<\/p>\n","protected":false},"author":96,"featured_media":121778,"comment_status":"closed","ping_status":"closed","sticky":false,"template":"","format":"standard","meta":{"footnotes":""},"categories":[253,439],"tags":[],"class_list":["post-121777","post","type-post","status-publish","format-standard","has-post-thumbnail","hentry","category-cidade","category-ultima-hora"],"_links":{"self":[{"href":"https:\/\/diarioregionaldigital.com.br\/index.php?rest_route=\/wp\/v2\/posts\/121777","targetHints":{"allow":["GET"]}}],"collection":[{"href":"https:\/\/diarioregionaldigital.com.br\/index.php?rest_route=\/wp\/v2\/posts"}],"about":[{"href":"https:\/\/diarioregionaldigital.com.br\/index.php?rest_route=\/wp\/v2\/types\/post"}],"author":[{"embeddable":true,"href":"https:\/\/diarioregionaldigital.com.br\/index.php?rest_route=\/wp\/v2\/users\/96"}],"replies":[{"embeddable":true,"href":"https:\/\/diarioregionaldigital.com.br\/index.php?rest_route=%2Fwp%2Fv2%2Fcomments&post=121777"}],"version-history":[{"count":0,"href":"https:\/\/diarioregionaldigital.com.br\/index.php?rest_route=\/wp\/v2\/posts\/121777\/revisions"}],"wp:featuredmedia":[{"embeddable":true,"href":"https:\/\/diarioregionaldigital.com.br\/index.php?rest_route=\/wp\/v2\/media\/121778"}],"wp:attachment":[{"href":"https:\/\/diarioregionaldigital.com.br\/index.php?rest_route=%2Fwp%2Fv2%2Fmedia&parent=121777"}],"wp:term":[{"taxonomy":"category","embeddable":true,"href":"https:\/\/diarioregionaldigital.com.br\/index.php?rest_route=%2Fwp%2Fv2%2Fcategories&post=121777"},{"taxonomy":"post_tag","embeddable":true,"href":"https:\/\/diarioregionaldigital.com.br\/index.php?rest_route=%2Fwp%2Fv2%2Ftags&post=121777"}],"curies":[{"name":"wp","href":"https:\/\/api.w.org\/{rel}","templated":true}]}}