{"id":121770,"date":"2018-10-07T06:00:38","date_gmt":"2018-10-07T09:00:38","guid":{"rendered":"https:\/\/diarioregionaldigital.com.br\/?p=121770"},"modified":"2018-10-05T14:01:13","modified_gmt":"2018-10-05T17:01:13","slug":"agora-que-o-cambio-esta-melhorando-que-tal-atravessarmos-o-atlantico","status":"publish","type":"post","link":"https:\/\/diarioregionaldigital.com.br\/?p=121770","title":{"rendered":"Agora que o c\u00e2mbio est\u00e1 melhorando, que tal atravessarmos o Atl\u00e2ntico?"},"content":{"rendered":"<p><span style=\"font-weight: 400;\">LISBOA \u2013 entre as colinas que rodeiam o rio Tejo, uma cidade com mais de tr\u00eas mil anos guarda fragmentos da hist\u00f3ria. Lisboa, capital de Portugal, revela entre seus becos e ruelas a tradi\u00e7\u00e3o de uma cidade que fez parte de grandes momentos e descobertas da humanidade.<\/span><\/p>\n<p><span style=\"font-weight: 400;\">Lisboa, estende-se \u00e0 beira do Tejo e guarda consigo o mist\u00e9rio de quem chega e de quem parte. Com vinte s\u00e9culos de hist\u00f3ria, \u00e9 uma cidade que navega pelo tempo, vibrante e cosmopolita. Cidade com alma, combina o charme de ruelas e cal\u00e7adas dos bairros tradicionais como Alfama e Mouraria com movimentadas avenidas e a nova urbanidade do Parque das Na\u00e7\u00f5es. <\/span><\/p>\n<p><span style=\"font-weight: 400;\">\u00danica capital da Europa onde o sol se p\u00f5e no mar. \u00c9 uma cidade de contrastes em que a hist\u00f3ria e a modernidade convivem junto ao rio. Constru\u00e7\u00f5es hist\u00f3ricas, a melodia do fado, o sabor de pratos t\u00edpicos centen\u00e1rios e o movimento dos bondes convidam turistas de todo o mundo a uma viagem ao passado. No entanto, nessa cidade, n\u00e3o \u00e9 necess\u00e1rio olhar muito de perto para ver emergir o novo em meio ao tradicional.<\/span><\/p>\n<div id=\"attachment_121775\" style=\"width: 970px\" class=\"wp-caption alignnone\"><img loading=\"lazy\" decoding=\"async\" aria-describedby=\"caption-attachment-121775\" class=\"wp-image-121775 size-full\" src=\"https:\/\/diarioregionaldigital.com.br\/wp-content\/uploads\/2018\/10\/foto-02-RAFAELA-FRUTUOSO-TORRE-DE-BEL\u00c9M.jpg\" alt=\"\" width=\"960\" height=\"640\" srcset=\"https:\/\/diarioregionaldigital.com.br\/wp-content\/uploads\/2018\/10\/foto-02-RAFAELA-FRUTUOSO-TORRE-DE-BEL\u00c9M.jpg 960w, https:\/\/diarioregionaldigital.com.br\/wp-content\/uploads\/2018\/10\/foto-02-RAFAELA-FRUTUOSO-TORRE-DE-BEL\u00c9M-300x200.jpg 300w, https:\/\/diarioregionaldigital.com.br\/wp-content\/uploads\/2018\/10\/foto-02-RAFAELA-FRUTUOSO-TORRE-DE-BEL\u00c9M-768x512.jpg 768w, https:\/\/diarioregionaldigital.com.br\/wp-content\/uploads\/2018\/10\/foto-02-RAFAELA-FRUTUOSO-TORRE-DE-BEL\u00c9M-360x240.jpg 360w\" sizes=\"auto, (max-width: 960px) 100vw, 960px\" \/><p id=\"caption-attachment-121775\" class=\"wp-caption-text\">Localizada a margem do Rio Tejo, a Torre de Bel\u00e9m foi constru\u00edda para defender a cidade da ocupa\u00e7\u00e3o Filipina. Foto: Rafaela Frutuoso<\/p><\/div>\n<p><span style=\"font-weight: 400;\">Lisboa encontrou maneiras de inovar, usando a hist\u00f3ria para criar a novidade. Novos sabores, novas constru\u00e7\u00f5es e sons nascem inspirados na heran\u00e7a cultural da cidade.<\/span><\/p>\n<p><span style=\"font-weight: 400;\">A menos de dez minutos do centro de Lisboa, Bel\u00e9m \u00e9 o eixo da vida cultural em \u00a0meio a modernidade. A Torre de Bel\u00e9m, um dos grandes marcos de Lisboa, foi constru\u00edda em homenagem ao patrono da cidade, S\u00e3o Vicente. Considerado Patrim\u00f4nio Cultural da Humanidade pela Unesco, o monumento, que teve sua constru\u00e7\u00e3o finalizada em 1520, j\u00e1 foi forte, pris\u00e3o, alf\u00e2ndega, farol e, hoje, \u00e9 um ponto tur\u00edstico imperd\u00edvel.<\/span><\/p>\n<p><span style=\"font-weight: 400;\">O local encanta por sua mescla de estilos arquitet\u00f4nicos que incluem torres de vigias em estilo mouro, setores em estilo manuelino, elementos naturalistas e at\u00e9 mesmo influ\u00eancias isl\u00e2micas e orientais. Do lado externo, cordas e n\u00f3s esculpidos em pedras remetem \u00e0s grandes navega\u00e7\u00f5es portuguesas. Afora sua riqueza arquitet\u00f4nica, a Torre de Bel\u00e9m oferece uma vista privilegiada do rio Tejo e de boa parte da regi\u00e3o de Bel\u00e9m.<\/span><\/p>\n<p><span style=\"font-weight: 400;\">Ainda em Bel\u00e9m, inclua no roteiro passeios a p\u00e9 ou de bike pelas margens do rio e n\u00e3o deixe de conhecer atra\u00e7\u00f5es como o Padr\u00e3o dos Descobrimentos; o Mosteiro dos Jer\u00f4nimos, um hino talhado em pedra \u00e0 heran\u00e7a mar\u00edtima portuguesa; o Centro Cultural de Bel\u00e9m; o Museu dos Coches (carro\u00e7as) e as atra\u00e7\u00f5es culturais que pipocam \u00a0por todas as partes. <\/span><\/p>\n<p><span style=\"font-weight: 400;\">At\u00e9 mesmo a arquitetura contempor\u00e2nea assume temas mar\u00edtimos : a impressionante ponte Vasco da Gama tem a forma de uma vela gigante.<\/span><\/p>\n<p><span style=\"font-weight: 400;\">Ap\u00f3s o devastador terremoto de 1755, a Baixa Pombalina (o centro de Lisboa) foi reconstru\u00edda em estilo cl\u00e1ssico, mas muitos dos tortuosos bairros medievais permanecem, recheados de fascinantes lojas, restaurantes e caf\u00e9s. \u00c0 noite, esses bairros animam-se, oferecendo de tudo: da m\u00fasica africana \u00e0 latino-americana, e, claro tamb\u00e9m a triste melancolia do fado.<\/span><\/p>\n<p><span style=\"font-weight: 400;\">Os el\u00e9tricos, isto \u00e9, os bondes, da cor do sol s\u00e3o uma forma original de descobrir o cora\u00e7\u00e3o da cidade e as hist\u00f3rias que esconde. As fachadas cobertas de azulejos contam hist\u00f3rias em todas as cores e as pedras da cal\u00e7ada desenham a preto e branco : peixes, flores, sereias e p\u00e1ssaros.<\/span><\/p>\n<div class=\"mceTemp\"><\/div>\n<div id=\"attachment_121774\" style=\"width: 970px\" class=\"wp-caption alignnone\"><img loading=\"lazy\" decoding=\"async\" aria-describedby=\"caption-attachment-121774\" class=\"wp-image-121774 size-full\" src=\"https:\/\/diarioregionaldigital.com.br\/wp-content\/uploads\/2018\/10\/foto-05-RAFAELA-FRUTUOSO-MOSTEIRO-JERONIMOS.jpg\" alt=\"\" width=\"960\" height=\"640\" srcset=\"https:\/\/diarioregionaldigital.com.br\/wp-content\/uploads\/2018\/10\/foto-05-RAFAELA-FRUTUOSO-MOSTEIRO-JERONIMOS.jpg 960w, https:\/\/diarioregionaldigital.com.br\/wp-content\/uploads\/2018\/10\/foto-05-RAFAELA-FRUTUOSO-MOSTEIRO-JERONIMOS-300x200.jpg 300w, https:\/\/diarioregionaldigital.com.br\/wp-content\/uploads\/2018\/10\/foto-05-RAFAELA-FRUTUOSO-MOSTEIRO-JERONIMOS-768x512.jpg 768w, https:\/\/diarioregionaldigital.com.br\/wp-content\/uploads\/2018\/10\/foto-05-RAFAELA-FRUTUOSO-MOSTEIRO-JERONIMOS-360x240.jpg 360w\" sizes=\"auto, (max-width: 960px) 100vw, 960px\" \/><p id=\"caption-attachment-121774\" class=\"wp-caption-text\">Tamb\u00e9m conhecido como Mosteiro de Santa Maria de Bel\u00e9m, o Mosteiro Jer\u00f3nimos foi constru\u00eddo no s\u00e9culo XVI e \u00e9 uma das principais igrejas-sal\u00e3o da Europa. Foto: Rafaela Frutuoso<\/p><\/div>\n<p><span style=\"font-weight: 400;\">No Bairro Alto, um dos mais antigos e animados da cidade, h\u00e1 bares, restaurantes e lojas de design e moda que convivem com tascas onde se pode ouvir o fado, no qual a alma portuguesa canta o seu destino. Um bom exemplo \u00e9 a loja galeria Montana, que vende roupas, livros e abriga exposi\u00e7\u00f5es tempor\u00e1rias de grafite. Ao lado, o Chiado, um dos bairros mais sedutores da cidade e centro da sua vida cultural, com os seus teatros, livrarias e caf\u00e9s com tradi\u00e7\u00e3o liter\u00e1ria como a Brasileira, onde os turistas n\u00e3o se cansam de se fotografar com o poeta Fernando Pessoa. Continuando no Chiado, v\u00e3o surgindo in\u00fameras e charmosas livrarias e lojas de designers portugueses. Bastante original \u00e9 a loja A Vida Portuguesa que garimpa genu\u00ednos tesouros de todo o pa\u00eds como andorinhas de cer\u00e2mica, azulejos pintados \u00e0 m\u00e3o e artesanais len\u00e7os bordados.<\/span><\/p>\n<p><span style=\"font-weight: 400;\">Fazer compras em Lisboa \u00e9 uma experi\u00eancia \u00fanica. Lojinhas tradicionais convivem harmoniosamente com grandes centros comerciais, oferecendo uma diversidade imensa de produtos. Vale a pena percorrer as ruas da cidade e conhecer as caracter\u00edsticas pr\u00f3prias de cada bairro. <\/span><\/p>\n<p><span style=\"font-weight: 400;\">O melhor exemplo \u00e9 a Rua Augusta, na Baixa, com seus largos cal\u00e7ad\u00f5es exclusivos para pedestres. Edif\u00edcios comerciais centen\u00e1rios vendem produtos pitorescos como a Chapelaria Azevedo, que desde 1896 j\u00e1 atendeu clientes famosos como os escritores Fernando Pessoa e Jorge Amado. Ali tamb\u00e9m marcam territ\u00f3rio as famosas redes de fast fashion Zara e H&amp;M.<\/span><\/p>\n<p><span style=\"font-weight: 400;\">A elegante Avenida da Liberdade, considerada a 10\u00aa mais luxuosa do mundo, \u00e9 o \u00a0endere\u00e7o de marcas internacionais de moda. Ao longo dos seus 1273 metros se enfileiram lojas como Louis Vuitton, Dolce &amp; Gabbana, Prada, Gucci; e tamb\u00e9m os grandes hot\u00e9is cinco estrelas de diversas bandeiras internacionais.<\/span><\/p>\n<div id=\"attachment_121773\" style=\"width: 970px\" class=\"wp-caption alignnone\"><img loading=\"lazy\" decoding=\"async\" aria-describedby=\"caption-attachment-121773\" class=\"wp-image-121773 size-full\" src=\"https:\/\/diarioregionaldigital.com.br\/wp-content\/uploads\/2018\/10\/foto-04-RAFAELA-FRUTUOSO-BONDE.jpg\" alt=\"\" width=\"960\" height=\"600\" srcset=\"https:\/\/diarioregionaldigital.com.br\/wp-content\/uploads\/2018\/10\/foto-04-RAFAELA-FRUTUOSO-BONDE.jpg 960w, https:\/\/diarioregionaldigital.com.br\/wp-content\/uploads\/2018\/10\/foto-04-RAFAELA-FRUTUOSO-BONDE-300x188.jpg 300w, https:\/\/diarioregionaldigital.com.br\/wp-content\/uploads\/2018\/10\/foto-04-RAFAELA-FRUTUOSO-BONDE-768x480.jpg 768w, https:\/\/diarioregionaldigital.com.br\/wp-content\/uploads\/2018\/10\/foto-04-RAFAELA-FRUTUOSO-BONDE-360x225.jpg 360w\" sizes=\"auto, (max-width: 960px) 100vw, 960px\" \/><p id=\"caption-attachment-121773\" class=\"wp-caption-text\">O simp\u00e1tico bondinho el\u00e9trico \u00e9 o mais recomendado para os visitantes turistarem por Lisboa. Foto: Rafaela Frutuoso<\/p><\/div>\n<p><span style=\"font-weight: 400;\">Imagina as marcas mais badaladas reunidas em um s\u00f3 lugar. Ocupando sete Andr\u00e9s, o El Corte Ingl\u00e9s, em Lisboa, \u00e9 uma gigante loja de departamentos. A loja preza pelo bom atendimento e entrega as mercadorias, sem nenhum custo, em qualquer lugar de Lisboa. E uma boa noticia para os turistas: nas compras acima de 61,35 Euros \u00e9 poss\u00edvel requerer a devolu\u00e7\u00e3o do Imposto sobre o Valor Acrescentado (IVA), cujo valor \u00e9 de 23%. Vai ser dif\u00edcil sair dali sem uma sacolinha ou v\u00e1rias.<\/span><\/p>\n<p><span style=\"font-weight: 400;\">Enraizada na hist\u00f3ria, mas repleta de discotecas, bares e animada vida noturna, Lisboa est\u00e1 rapidamente ganhando reputa\u00e7\u00e3o de uma das \u00a0melhores cidade do mundo para visitar e se divertir.<\/span><\/p>\n<p><span style=\"font-weight: 400;\">O fado \u00e9 a alma da m\u00fasica portuguesa. Fado significa \u201cdestino\u201d e o que se canta, ora em tom mais tr\u00e1gico, ora em tom mais jocoso, \u00e9 a express\u00e3o de um sentimento fatalista e nost\u00e1lgico a prop\u00f3sito de um amor perdido, de um futuro incerto, de uma vida dif\u00edcil, quase sempre envolvendo saudades de outros tempos, lugares e pessoas. Ao poema, cantado com grande emo\u00e7\u00e3o, v\u00ea juntar-se a guitarra cl\u00e1ssica e a guitarra portuguesa que marcam o ritmo e recheiam a melodia. Manda a tradi\u00e7\u00e3o que os vocalistas \u2013 homens ou mulheres, vistam preto, elas usando xaile; mas uma nova gera\u00e7\u00e3o de excelentes fadistas tem vindo a inovar v\u00e1rios aspectos do fado,desde a parte volva \u00e0 instrumental, passando tamb\u00e9m pelo visual.<\/span><\/p>\n<div id=\"attachment_121772\" style=\"width: 970px\" class=\"wp-caption alignnone\"><img loading=\"lazy\" decoding=\"async\" aria-describedby=\"caption-attachment-121772\" class=\"wp-image-121772 size-full\" src=\"https:\/\/diarioregionaldigital.com.br\/wp-content\/uploads\/2018\/10\/foto-03-RAFAELA-FRUTUOSO-PASTEL-DE-BEL\u00c9M.jpg\" alt=\"\" width=\"960\" height=\"640\" srcset=\"https:\/\/diarioregionaldigital.com.br\/wp-content\/uploads\/2018\/10\/foto-03-RAFAELA-FRUTUOSO-PASTEL-DE-BEL\u00c9M.jpg 960w, https:\/\/diarioregionaldigital.com.br\/wp-content\/uploads\/2018\/10\/foto-03-RAFAELA-FRUTUOSO-PASTEL-DE-BEL\u00c9M-300x200.jpg 300w, https:\/\/diarioregionaldigital.com.br\/wp-content\/uploads\/2018\/10\/foto-03-RAFAELA-FRUTUOSO-PASTEL-DE-BEL\u00c9M-768x512.jpg 768w, https:\/\/diarioregionaldigital.com.br\/wp-content\/uploads\/2018\/10\/foto-03-RAFAELA-FRUTUOSO-PASTEL-DE-BEL\u00c9M-360x240.jpg 360w\" sizes=\"auto, (max-width: 960px) 100vw, 960px\" \/><p id=\"caption-attachment-121772\" class=\"wp-caption-text\">Em Lisboa, encontra-se doces e bolos de comer e chorar por mais. Dif\u00edcil mesmo \u00e9 escolher entre tantos mas o mais famoso \u00e9 o pastel de nata, isto e, o Pastel de Bel\u00e9m. Foto: Rafaela Frutuoso<\/p><\/div>\n<p><span style=\"font-weight: 400;\">A gastronomia portuguesa \u00e9 uma das melhores do mundo. O bacalhau seco no sal \u00e9 um produto de longa tradi\u00e7\u00e3o desde a \u00e9poca dos Descobrimentos e os portugueses gabam-se de saber cozinhar de 1001 maneiras diferentes. Bacalhau \u00e0 Braz, a\u00e7orda de bacalhau, bacalhau \u00e0 saloia, s\u00e3o algumas das especialidades mais comuns. Tem muito mais al\u00e9m do bacalhau : sopas, frutos do mar, carne e os doces.<\/span><\/p>\n<p><span style=\"font-weight: 400;\">A do\u00e7aria portuguesa \u00e9 extraordinariamente elaborada e diversificada. Nos restaurantes e pastelarias \u00a0de Lisboa, encontra-se doces e bolos de comer e chorar por mais. Dif\u00edcil mesmo, ser\u00e1 escolher entre tantos mas o mais famoso \u00e9 o pastel de nata, isto e, o Pastel de Bel\u00e9m; feitos com nata e massa folhada, os past\u00e9is de nata s\u00e3o amplamente apreciados. Os mais famosos e inimit\u00e1veis s\u00e3o os da F\u00e1brica dos Past\u00e9is de Bel\u00e9m,em Lisboa. A sua receita prov\u00e9m de um monge do vizinho Mosteiro dos Jer\u00f4nimos e \u00e9 dos segredos mais bem guardados da do\u00e7aria portuguesa.<\/span><\/p>\n<p><span style=\"font-weight: 400;\">Na Regi\u00e3o de Lisboa produzem-se vinhos brancos, tintos, roses e espumantes, bem como aguardentes v\u00ednicas.<\/span><\/p>\n<p><span style=\"font-weight: 400;\">Lisboa \u00e9 realmente uma cidade maravilhosa e tem muito mais para se fazer e conhecer e ainda existe a possibilidade de n\u00e3o fazer rigorosamente nada \u2013 pedir um gal\u00e3o e um pastel de nata e olhar em volta. \u00c9 espantosamente f\u00e1cil quando se est\u00e1 em Lisboa.<\/span><\/p>\n<p>&nbsp;<\/p>\n<div class=\"mceTemp\"><\/div>\n","protected":false},"excerpt":{"rendered":"<p>LISBOA \u2013 entre as colinas que rodeiam o rio Tejo, uma cidade com mais de tr\u00eas mil anos guarda fragmentos da hist\u00f3ria. Lisboa, capital de Portugal, revela entre seus becos e ruelas a tradi\u00e7\u00e3o de uma cidade que fez parte de grandes momentos e descobertas da humanidade. Lisboa, estende-se \u00e0 beira do Tejo e guarda [&hellip;]<\/p>\n","protected":false},"author":96,"featured_media":121771,"comment_status":"closed","ping_status":"closed","sticky":false,"template":"","format":"standard","meta":{"footnotes":""},"categories":[284],"tags":[],"class_list":["post-121770","post","type-post","status-publish","format-standard","has-post-thumbnail","hentry","category-turismo-rosa-oliveira"],"_links":{"self":[{"href":"https:\/\/diarioregionaldigital.com.br\/index.php?rest_route=\/wp\/v2\/posts\/121770","targetHints":{"allow":["GET"]}}],"collection":[{"href":"https:\/\/diarioregionaldigital.com.br\/index.php?rest_route=\/wp\/v2\/posts"}],"about":[{"href":"https:\/\/diarioregionaldigital.com.br\/index.php?rest_route=\/wp\/v2\/types\/post"}],"author":[{"embeddable":true,"href":"https:\/\/diarioregionaldigital.com.br\/index.php?rest_route=\/wp\/v2\/users\/96"}],"replies":[{"embeddable":true,"href":"https:\/\/diarioregionaldigital.com.br\/index.php?rest_route=%2Fwp%2Fv2%2Fcomments&post=121770"}],"version-history":[{"count":0,"href":"https:\/\/diarioregionaldigital.com.br\/index.php?rest_route=\/wp\/v2\/posts\/121770\/revisions"}],"wp:featuredmedia":[{"embeddable":true,"href":"https:\/\/diarioregionaldigital.com.br\/index.php?rest_route=\/wp\/v2\/media\/121771"}],"wp:attachment":[{"href":"https:\/\/diarioregionaldigital.com.br\/index.php?rest_route=%2Fwp%2Fv2%2Fmedia&parent=121770"}],"wp:term":[{"taxonomy":"category","embeddable":true,"href":"https:\/\/diarioregionaldigital.com.br\/index.php?rest_route=%2Fwp%2Fv2%2Fcategories&post=121770"},{"taxonomy":"post_tag","embeddable":true,"href":"https:\/\/diarioregionaldigital.com.br\/index.php?rest_route=%2Fwp%2Fv2%2Ftags&post=121770"}],"curies":[{"name":"wp","href":"https:\/\/api.w.org\/{rel}","templated":true}]}}