{"id":121712,"date":"2018-10-07T06:00:32","date_gmt":"2018-10-07T09:00:32","guid":{"rendered":"https:\/\/diarioregionaldigital.com.br\/?p=121712"},"modified":"2018-10-05T04:57:43","modified_gmt":"2018-10-05T07:57:43","slug":"quem-possui-fe-verdadeira-nao-ve-imperfeicao","status":"publish","type":"post","link":"https:\/\/diarioregionaldigital.com.br\/?p=121712","title":{"rendered":"Quem possui f\u00e9 Verdadeira n\u00e3o v\u00ea Imperfei\u00e7\u00e3o"},"content":{"rendered":"<p style=\"text-align: center;\"><strong>Quem possui f\u00e9 Verdadeira n\u00e3o v\u00ea Imperfei\u00e7\u00e3o<\/strong><\/p>\n<p style=\"text-align: center;\">Quando conhecemos a Verdade atrav\u00e9s da f\u00e9, deixamos de nos afligir diante de situa\u00e7\u00f5es fenom\u00eanicas como doen\u00e7a, pobreza, conflito familiar, calamidade, pois nos conscientizamos de que n\u00e3o passam de imagens ilus\u00f3rias, geradas pelos homens que, afastando-se de Deus e da Verdade, acreditam em falsas exist\u00eancias. Alcan\u00e7ando um est\u00e1gio mais avan\u00e7ado, podemos extinguir aspectos desarmoniosos manifestados nos outros afirmando ou mentalizando que tais aspectos n\u00e3o t\u00eam exist\u00eancia real. Ao adquirirmos a verdadeira f\u00e9, conscientizando-nos de que unicamente Deus \u00e9 exist\u00eancia verdadeira, passamos a viver com a mente voltada para Ele e a confiar totalmente nele. Ent\u00e3o, tornamo-nos capazes de fazer com que se manifeste, no mundo da forma, a perfei\u00e7\u00e3o da Imagem Verdadeira.<br \/>\nAo conhecer a Verdade de que tudo \u00e9 manifesta\u00e7\u00e3o de Deus, voc\u00ea entra em sintonia com a \u00fanica exist\u00eancia verdadeira (Imagem Verdadeira). E, mentalizando a perfei\u00e7\u00e3o da Imagem Verdadeira, voc\u00ea conseguir\u00e1 extinguir todos os aspectos fenom\u00eanicos imperfeitos.<\/p>\n<p style=\"text-align: center;\"><strong>N\u00e3o se deixe iludir pelo aspecto fenom\u00eanico<\/strong><br \/>\nUso a express\u00e3o \u201caspecto aparente\u201d ao me referir \u00e0s imagens fenom\u00eanicas manifestadas no mundo e no ambiente em que vivemos. Para se obter a felicidade superando os infort\u00fanios, \u00e9 preciso fazer clara distin\u00e7\u00e3o entre aspecto aparente e Imagem Verdadeira. Doen\u00e7a, pobreza e todos os outros infort\u00fanios n\u00e3o passam de aspectos aparentes; n\u00e3o s\u00e3o exist\u00eancia verdadeira (Imagem Verdadeira). Jesus demonstrou isso quando curou doentes e quando multiplicou cinco p\u00e3es para distribu\u00ed-los a 5 mil pessoas. Mesmo ao ver diante de si um cego de nascen\u00e7a, Jesus negou a exist\u00eancia da cegueira e a fez desaparecer diante da luz da Verdade. Pelo poder dessa mesma Verdade, a Seicho-No-Ie curou v\u00e1rios deficientes auditivos atrav\u00e9s da leitura da Sutra Sagrada Chuva de N\u00e9ctar da Verdade.<br \/>\nQue \u00e9 \u201cexist\u00eancia verdadeira\u201d? Na Seicho-No-Ie, ela \u00e9 chamada Imagem Verdadeira. \u00c9 o aspecto real do ser humano, idealizado por Deus, ou seja, a perfei\u00e7\u00e3o que lhe \u00e9 inata, na condi\u00e7\u00e3o de filho de Deus. Quando despertamos para esta Verdade e rejeitamos todos os aspectos ilus\u00f3rios, manifesta-se o aspecto verdadeiro, que \u00e9 perfeito. Ilus\u00e3o \u00e9 o falso aspecto que se desfaz perante a Verdade. O aspecto imperfeito desaparece quando mentalizamos a Verdade, porque somente ela \u00e9 exist\u00eancia real. Os aspectos imperfeitos e desarm\u00f4nicos, que vemos atrav\u00e9s do senso comum, n\u00e3o passam de mera ilus\u00e3o, n\u00e3o existem de verdade.<\/p>\n<p style=\"text-align: center;\"><strong>Quem tenta fugir da vida real n\u00e3o possui f\u00e9 verdadeira<\/strong><br \/>\nEnquanto a pessoa pensar que a desarmonia e a imperfei\u00e7\u00e3o s\u00e3o exist\u00eancias verdadeiras e continuar com a mente presa a tais aspectos, n\u00e3o obter\u00e1 a liberdade espiritual. Quero chamar a aten\u00e7\u00e3o do leitor para n\u00e3o ver desarmonia ou imperfei\u00e7\u00e3o nos fatos reais desta vida. Isto n\u00e3o \u00e9 fugir da realidade, pelo contr\u00e1rio, \u00e9 um procedimento que possibilita aperfei\u00e7oar a vida real.<br \/>\nMuitas guerras aconteceram porque certas na\u00e7\u00f5es, vendo a situa\u00e7\u00e3o desarm\u00f4nica do pa\u00eds vizinho, suspeitaram dele e fomentaram hostilidades. Conforme afirmava a Seicho-No-Ie antes mesmo do surgimento da UNESCO, a guerra \u00e9 gerada primeiro na mente e depois se concretiza no mundo das formas. Quando a humanidade consolidar a f\u00e9, a lealdade e o amor no mundo mental, n\u00e3o mais haver\u00e1 guerra no mundo real.<br \/>\nDesde Emerson, muitos pregadores do pensamento positivista provaram que, mentalizando-se a sa\u00fade, obt\u00e9m-se sa\u00fade e mentalizando-se a doen\u00e7a, contrai-se doen\u00e7a. Por\u00e9m, entre os governantes da \u00e9poca atual, s\u00e3o poucos os que acreditam que tudo \u00e9 reflexo do mundo mental. A maioria n\u00e3o cr\u00ea que, mentalizando-se a paz, consegue-se a paz. Muitas pessoas parecem acreditar que s\u00f3 precisar\u00e3o recorrer \u00e0 for\u00e7a de Deus quando estiverem prestes a cair numa tenta\u00e7\u00e3o. Por\u00e9m a verdadeira f\u00e9 manifesta-se como sabedoria que nos possibilita solucionar os problemas do cotidiano e triunfar na vida. No meu entender, viver a f\u00e9 verdadeira \u00e9 ter liberdade e independ\u00eancia espiritual e ser capaz de conduzir com autonomia a pr\u00f3pria vida em todas as \u00e1reas de atividade, sem ser dominado pelos outros.<\/p>\n","protected":false},"excerpt":{"rendered":"<p>Quem possui f\u00e9 Verdadeira n\u00e3o v\u00ea Imperfei\u00e7\u00e3o Quando conhecemos a Verdade atrav\u00e9s da f\u00e9, deixamos de nos afligir diante de situa\u00e7\u00f5es fenom\u00eanicas como doen\u00e7a, pobreza, conflito familiar, calamidade, pois nos conscientizamos de que n\u00e3o passam de imagens ilus\u00f3rias, geradas pelos homens que, afastando-se de Deus e da Verdade, acreditam em falsas exist\u00eancias. Alcan\u00e7ando um est\u00e1gio [&hellip;]<\/p>\n","protected":false},"author":96,"featured_media":0,"comment_status":"closed","ping_status":"closed","sticky":false,"template":"","format":"standard","meta":{"footnotes":""},"categories":[263],"tags":[],"class_list":["post-121712","post","type-post","status-publish","format-standard","hentry","category-jane-aragao"],"_links":{"self":[{"href":"https:\/\/diarioregionaldigital.com.br\/index.php?rest_route=\/wp\/v2\/posts\/121712","targetHints":{"allow":["GET"]}}],"collection":[{"href":"https:\/\/diarioregionaldigital.com.br\/index.php?rest_route=\/wp\/v2\/posts"}],"about":[{"href":"https:\/\/diarioregionaldigital.com.br\/index.php?rest_route=\/wp\/v2\/types\/post"}],"author":[{"embeddable":true,"href":"https:\/\/diarioregionaldigital.com.br\/index.php?rest_route=\/wp\/v2\/users\/96"}],"replies":[{"embeddable":true,"href":"https:\/\/diarioregionaldigital.com.br\/index.php?rest_route=%2Fwp%2Fv2%2Fcomments&post=121712"}],"version-history":[{"count":0,"href":"https:\/\/diarioregionaldigital.com.br\/index.php?rest_route=\/wp\/v2\/posts\/121712\/revisions"}],"wp:attachment":[{"href":"https:\/\/diarioregionaldigital.com.br\/index.php?rest_route=%2Fwp%2Fv2%2Fmedia&parent=121712"}],"wp:term":[{"taxonomy":"category","embeddable":true,"href":"https:\/\/diarioregionaldigital.com.br\/index.php?rest_route=%2Fwp%2Fv2%2Fcategories&post=121712"},{"taxonomy":"post_tag","embeddable":true,"href":"https:\/\/diarioregionaldigital.com.br\/index.php?rest_route=%2Fwp%2Fv2%2Ftags&post=121712"}],"curies":[{"name":"wp","href":"https:\/\/api.w.org\/{rel}","templated":true}]}}