{"id":121598,"date":"2018-10-04T13:23:48","date_gmt":"2018-10-04T16:23:48","guid":{"rendered":"https:\/\/diarioregionaldigital.com.br\/?p=121598"},"modified":"2018-10-04T13:23:48","modified_gmt":"2018-10-04T16:23:48","slug":"como-combater-as-desculpas-e-acabar-com-os-habitos-sedentarios","status":"publish","type":"post","link":"https:\/\/diarioregionaldigital.com.br\/?p=121598","title":{"rendered":"Como combater as desculpas e acabar com os h\u00e1bitos sedent\u00e1rios"},"content":{"rendered":"<p>Voc\u00ea j\u00e1 ouviu algu\u00e9m falando que n\u00e3o vai \u00e0 academia porque isso n\u00e3o faz bem? Com certeza n\u00e3o, n\u00e9!\u00a0Mas, apesar de (quase) todo mundo ter a consci\u00eancia da import\u00e2ncia dos exerc\u00edcios para uma vida mais saud\u00e1vel, muita gente ainda se pega presa nas desculpas di\u00e1rias ou, at\u00e9 mesmo, encontra dificuldades para organizar a rotina de treinos.<\/p>\n<p>O sedentarismo \u00e9 uma das maiores causas de morte no mundo. De acordo com a OMS (Organiza\u00e7\u00e3o Mundial da Sa\u00fade), mais de dois milh\u00f5es de \u00f3bitos s\u00e3o registrados por ano devido a doen\u00e7as causadas pelo h\u00e1bito sedent\u00e1rio. Buscando combater essa realidade, separamos algumas dicas de como acabar com as maiores desculpas e come\u00e7ar agora mesmo uma rotina mais ativa!<\/p>\n<div id=\"attachment_121599\" style=\"width: 1034px\" class=\"wp-caption aligncenter\"><img loading=\"lazy\" decoding=\"async\" aria-describedby=\"caption-attachment-121599\" class=\"size-full wp-image-121599\" src=\"https:\/\/diarioregionaldigital.com.br\/wp-content\/uploads\/2018\/10\/42908907_1529332110501006_2860013160423751680_n.jpg\" alt=\"\" width=\"1024\" height=\"682\" srcset=\"https:\/\/diarioregionaldigital.com.br\/wp-content\/uploads\/2018\/10\/42908907_1529332110501006_2860013160423751680_n.jpg 1024w, https:\/\/diarioregionaldigital.com.br\/wp-content\/uploads\/2018\/10\/42908907_1529332110501006_2860013160423751680_n-300x200.jpg 300w, https:\/\/diarioregionaldigital.com.br\/wp-content\/uploads\/2018\/10\/42908907_1529332110501006_2860013160423751680_n-768x512.jpg 768w, https:\/\/diarioregionaldigital.com.br\/wp-content\/uploads\/2018\/10\/42908907_1529332110501006_2860013160423751680_n-360x240.jpg 360w\" sizes=\"auto, (max-width: 1024px) 100vw, 1024px\" \/><p id=\"caption-attachment-121599\" class=\"wp-caption-text\"><em>Foto: Divulga\u00e7\u00e3o<\/em><\/p><\/div>\n<p>Desculpa 1 &#8211; N\u00e3o tenho tempo: j\u00e1 parou para pensar que se destinasse 1h do seu dia para a pr\u00e1tica de atividades f\u00edsicas, isso corresponderia a somente 3% do seu dia? A maneira como voc\u00ea utiliza o seu tempo tem muito a ver com as prioridades que escolhe. Ou seja, falta de tempo \u00e9, na verdade, falta de prioridade.<\/p>\n<p>Desculpa 2 &#8211; N\u00e3o tenho dinheiro: mais uma vez, ter ou n\u00e3o dinheiro para investir \u00e9 quest\u00e3o de prioridade. A atividade f\u00edsica \u00e9 uma forma de preven\u00e7\u00e3o de doen\u00e7as! Muita gente deixa de investir na sa\u00fade e depois acaba tendo que gastar o triplo na farm\u00e1cia.Quanto voc\u00ea pagaria por m\u00eas para viver mais e melhor?<\/p>\n<p>Desculpa 3 &#8211; N\u00e3o vou gostar de nada: dar o primeiro passo para criar uma rotina de treino pode ser um grande desafio, principalmente para quem n\u00e3o gosta de sair da zona de conforto. Muitas pessoas criam uma s\u00e9rie de pensamentos negativos colocando barreiras para a mudan\u00e7a. Antes de imaginar como \u00e9 ou como n\u00e3o \u00e9 uma academia, experimente!<\/p>\n<p>Desculpa 4 &#8211; Vivo cansado: ao inv\u00e9s de usar isso como desculpa, que tal usar como motiva\u00e7\u00e3o? A pr\u00e1tica regular de atividade f\u00edsica \u00e9 excelente para combater o cansa\u00e7o, o stress e aumentar o bom humor e a disposi\u00e7\u00e3o. \u00c0s vezes a sua pregui\u00e7a vem justamente do seu h\u00e1bito sedent\u00e1rio.<\/p>\n<p>Desculpa 5 &#8211; N\u00e3o tenho companhia: passe a ver o esporte como uma alternativa para conhecer novas pessoas. As aulas coletivas s\u00e3o a melhor op\u00e7\u00e3o se voc\u00ea n\u00e3o gosta de fazer exerc\u00edcios sozinho e todas s\u00e3o uma excelente chance de manter a motiva\u00e7\u00e3o em alta, fazendo novas amizades.<\/p>\n<p>Pronto! Agora que voc\u00ea n\u00e3o tem mais desculpas, \u00e9 s\u00f3 dar o primeiro passo, ter disciplina e esperar os resultados aparecerem.<\/p>\n","protected":false},"excerpt":{"rendered":"<p>Voc\u00ea j\u00e1 ouviu algu\u00e9m falando que n\u00e3o vai \u00e0 academia porque isso n\u00e3o faz bem? Com certeza n\u00e3o, n\u00e9!\u00a0Mas, apesar de (quase) todo mundo ter a consci\u00eancia da import\u00e2ncia dos exerc\u00edcios para uma vida mais saud\u00e1vel, muita gente ainda se pega presa nas desculpas di\u00e1rias ou, at\u00e9 mesmo, encontra dificuldades para organizar a rotina de [&hellip;]<\/p>\n","protected":false},"author":96,"featured_media":121600,"comment_status":"closed","ping_status":"closed","sticky":false,"template":"","format":"standard","meta":{"footnotes":""},"categories":[434,436,441,439],"tags":[],"class_list":["post-121598","post","type-post","status-publish","format-standard","has-post-thumbnail","hentry","category-blog","category-destaque-da-semana","category-saude-e-fitness","category-ultima-hora"],"_links":{"self":[{"href":"https:\/\/diarioregionaldigital.com.br\/index.php?rest_route=\/wp\/v2\/posts\/121598","targetHints":{"allow":["GET"]}}],"collection":[{"href":"https:\/\/diarioregionaldigital.com.br\/index.php?rest_route=\/wp\/v2\/posts"}],"about":[{"href":"https:\/\/diarioregionaldigital.com.br\/index.php?rest_route=\/wp\/v2\/types\/post"}],"author":[{"embeddable":true,"href":"https:\/\/diarioregionaldigital.com.br\/index.php?rest_route=\/wp\/v2\/users\/96"}],"replies":[{"embeddable":true,"href":"https:\/\/diarioregionaldigital.com.br\/index.php?rest_route=%2Fwp%2Fv2%2Fcomments&post=121598"}],"version-history":[{"count":0,"href":"https:\/\/diarioregionaldigital.com.br\/index.php?rest_route=\/wp\/v2\/posts\/121598\/revisions"}],"wp:featuredmedia":[{"embeddable":true,"href":"https:\/\/diarioregionaldigital.com.br\/index.php?rest_route=\/wp\/v2\/media\/121600"}],"wp:attachment":[{"href":"https:\/\/diarioregionaldigital.com.br\/index.php?rest_route=%2Fwp%2Fv2%2Fmedia&parent=121598"}],"wp:term":[{"taxonomy":"category","embeddable":true,"href":"https:\/\/diarioregionaldigital.com.br\/index.php?rest_route=%2Fwp%2Fv2%2Fcategories&post=121598"},{"taxonomy":"post_tag","embeddable":true,"href":"https:\/\/diarioregionaldigital.com.br\/index.php?rest_route=%2Fwp%2Fv2%2Ftags&post=121598"}],"curies":[{"name":"wp","href":"https:\/\/api.w.org\/{rel}","templated":true}]}}