{"id":121590,"date":"2018-10-04T11:25:27","date_gmt":"2018-10-04T14:25:27","guid":{"rendered":"https:\/\/diarioregionaldigital.com.br\/?p=121590"},"modified":"2018-10-04T11:25:27","modified_gmt":"2018-10-04T14:25:27","slug":"botafogo-e-superado-nos-penaltis-e-bahia-vai-as-quartas-da-sul-americana","status":"publish","type":"post","link":"https:\/\/diarioregionaldigital.com.br\/?p=121590","title":{"rendered":"Botafogo \u00e9 superado nos p\u00eanaltis, e Bahia vai \u00e0s quartas da Sul-Americana"},"content":{"rendered":"<p>O\u00a0Bahia\u00a0se classificou para as quartas de final da\u00a0Copa Sul- Americana\u00a0ao derrotar o Botafogo, na disputa de p\u00eanaltis, por 5 a 4, em partida disputada na noite desta quarta-feira, no est\u00e1dio Nilton Santos. O Alvinegro de General Severiano venceu no tempo normal por 2 a 1, mesmo placar da vit\u00f3ria baiana no jogo de ida, o que for\u00e7ou a decis\u00e3o por p\u00eanaltis. Na pr\u00f3xima fase da competi\u00e7\u00e3o, o Bahia vai enfrentar o Atl\u00e9tico-PR. Marcinho e Mois\u00e9s desperdi\u00e7aram as cobran\u00e7as do lado do Botafogo, enquanto Rodrigo Lindoso, Aguirre, Renatinho e Kieza converteram. Do lado do Bahia, Gilberto, Z\u00e9 Rafael, Allione, Nilton e F\u00e1vio marcaram, enquanto Jackson desperdi\u00e7ou a sua cobran\u00e7a.<\/p>\n<p>A partida foi marcada pelo equilibrio. No primeiro tempo, o Botafogo come\u00e7ou melhor e saiu na frente com Rodrigo Pimp\u00e3o, mas o Bahia empatou com Edigar Junio. O Alvinegro passou \u00e0 frente com Luiz Fernando. No segundo tempo, o a partida ficou mais equilibrada. O Bahia voltou mais organizado e controlou as a\u00e7\u00f5es, enquanto a equipe de General Severiano tentou pressionar na base da emo\u00e7\u00e3o, mas n\u00e3o obteve sucesso na tentativa de conseguir uma vantagem que lhe garantisse a vaga.<\/p>\n<p>Nos minutos finais, o Botafogo pressionou em busca do terceiro gol que garantiria a classifica\u00e7\u00e3o, mas o Bahia soube se defender e levar a decis\u00e3o da vaga para a disputa de p\u00eanaltis.<\/p>\n<p>&nbsp;<\/p>\n","protected":false},"excerpt":{"rendered":"<p>O\u00a0Bahia\u00a0se classificou para as quartas de final da\u00a0Copa Sul- Americana\u00a0ao derrotar o Botafogo, na disputa de p\u00eanaltis, por 5 a 4, em partida disputada na noite desta quarta-feira, no est\u00e1dio Nilton Santos. O Alvinegro de General Severiano venceu no tempo normal por 2 a 1, mesmo placar da vit\u00f3ria baiana no jogo de ida, o [&hellip;]<\/p>\n","protected":false},"author":96,"featured_media":121592,"comment_status":"closed","ping_status":"closed","sticky":false,"template":"","format":"standard","meta":{"footnotes":""},"categories":[257,439],"tags":[],"class_list":["post-121590","post","type-post","status-publish","format-standard","has-post-thumbnail","hentry","category-esporte","category-ultima-hora"],"_links":{"self":[{"href":"https:\/\/diarioregionaldigital.com.br\/index.php?rest_route=\/wp\/v2\/posts\/121590","targetHints":{"allow":["GET"]}}],"collection":[{"href":"https:\/\/diarioregionaldigital.com.br\/index.php?rest_route=\/wp\/v2\/posts"}],"about":[{"href":"https:\/\/diarioregionaldigital.com.br\/index.php?rest_route=\/wp\/v2\/types\/post"}],"author":[{"embeddable":true,"href":"https:\/\/diarioregionaldigital.com.br\/index.php?rest_route=\/wp\/v2\/users\/96"}],"replies":[{"embeddable":true,"href":"https:\/\/diarioregionaldigital.com.br\/index.php?rest_route=%2Fwp%2Fv2%2Fcomments&post=121590"}],"version-history":[{"count":0,"href":"https:\/\/diarioregionaldigital.com.br\/index.php?rest_route=\/wp\/v2\/posts\/121590\/revisions"}],"wp:featuredmedia":[{"embeddable":true,"href":"https:\/\/diarioregionaldigital.com.br\/index.php?rest_route=\/wp\/v2\/media\/121592"}],"wp:attachment":[{"href":"https:\/\/diarioregionaldigital.com.br\/index.php?rest_route=%2Fwp%2Fv2%2Fmedia&parent=121590"}],"wp:term":[{"taxonomy":"category","embeddable":true,"href":"https:\/\/diarioregionaldigital.com.br\/index.php?rest_route=%2Fwp%2Fv2%2Fcategories&post=121590"},{"taxonomy":"post_tag","embeddable":true,"href":"https:\/\/diarioregionaldigital.com.br\/index.php?rest_route=%2Fwp%2Fv2%2Ftags&post=121590"}],"curies":[{"name":"wp","href":"https:\/\/api.w.org\/{rel}","templated":true}]}}