{"id":121587,"date":"2018-10-04T11:17:40","date_gmt":"2018-10-04T14:17:40","guid":{"rendered":"https:\/\/diarioregionaldigital.com.br\/?p=121587"},"modified":"2018-10-04T11:17:40","modified_gmt":"2018-10-04T14:17:40","slug":"cbf-divulga-calendario-do-futebol-brasileiro-para-2019","status":"publish","type":"post","link":"https:\/\/diarioregionaldigital.com.br\/?p=121587","title":{"rendered":"CBF divulga calend\u00e1rio do futebol brasileiro para 2019"},"content":{"rendered":"<p>A CBF publica, nesta quarta-feira, 3, o calend\u00e1rio do futebol brasileiro para 2019. O Campeonato Brasileiro da S\u00e9rie A come\u00e7ar\u00e1 em 28 de abril e vai at\u00e9 8 de dezembro. A S\u00e9rie B ir\u00e1 de 27 de abril at\u00e9 30 de novembro. J\u00e1 a Copa do Brasil ter\u00e1 seu in\u00edcio no dia 6 de fevereiro. As finais acontecer\u00e3o nos dias 4 e 11 de setembro. Boa not\u00edcia para clubes, atletas e torcedores \u00e9 que, em 2019, todos os jogos noturnos come\u00e7ar\u00e3o at\u00e9 o hor\u00e1rio de 21h30.<\/p>\n<p>O calend\u00e1rio do futebol brasileiro em 2019 inicia no dia 2 de janeiro, com a abertura da pr\u00e9-temporada, que ter\u00e1 18 dias, quatro a mais do que em 2018. Os campeonatos estaduais continuar\u00e3o a ter 18 datas dispon\u00edveis, entre 20 de janeiro e 21 de abril, respeitando a qualifica\u00e7\u00e3o t\u00e9cnica obtida neste ano e os contratos vigentes.<\/p>\n<p>A exemplo do que aconteceu em 2018, o calend\u00e1rio do ano que vem ser\u00e1 impactado por um torneio internacional. Neste caso a Copa Am\u00e9rica, que ser\u00e1 realizada no Brasil entre 14 de junho e 7 de julho. Neste per\u00edodo, as principais competi\u00e7\u00f5es nacionais ter\u00e3o uma pausa.<\/p>\n<p>O calend\u00e1rio reduz para uma semana o intervalo entre as partidas de ida e volta das quartas de final, semifinais e finais da Copa do Brasil. O torneio terminar\u00e1 em setembro. Com isso, n\u00e3o vai mais coincidir com as rodadas finais da S\u00e9rie A e das copas continentais.<\/p>\n<p>A mudan\u00e7a distribui ao longo do ano as principais decis\u00f5es. Em abril, ser\u00e3o definidos os campe\u00f5es estaduais. Em setembro, o vencedor da Copa do Brasil. E em novembro e dezembro os campe\u00f5es brasileiros e os das copas Libertadores e Sul-Americana.<\/p>\n<p>A elabora\u00e7\u00e3o do calend\u00e1rio nacional \u00e9 o exerc\u00edcio de alocar\u00a0nas datas dispon\u00edveis os contratos existentes, a agenda mundial do futebol e a legisla\u00e7\u00e3o vigente.<\/p>\n<p>\u201cUm dos grandes desafios da CBF \u00e9 aprimorar o calend\u00e1rio, distribuir melhor as competi\u00e7\u00f5es durante o ano e oferecer aos torcedores dias e hor\u00e1rios de jogos cada vez melhores. Fizemos um movimento nesta dire\u00e7\u00e3o e vamos avan\u00e7ar mais em 2020 \u2013 avalia o Diretor Executivo de Gest\u00e3o e presidente eleito da CBF,\u201d Rog\u00e9rio Caboclo.<\/p>\n<p><strong>Fonte: CBF<\/strong><\/p>\n","protected":false},"excerpt":{"rendered":"<p>A CBF publica, nesta quarta-feira, 3, o calend\u00e1rio do futebol brasileiro para 2019. O Campeonato Brasileiro da S\u00e9rie A come\u00e7ar\u00e1 em 28 de abril e vai at\u00e9 8 de dezembro. A S\u00e9rie B ir\u00e1 de 27 de abril at\u00e9 30 de novembro. J\u00e1 a Copa do Brasil ter\u00e1 seu in\u00edcio no dia 6 de fevereiro. [&hellip;]<\/p>\n","protected":false},"author":96,"featured_media":121588,"comment_status":"closed","ping_status":"closed","sticky":false,"template":"","format":"standard","meta":{"footnotes":""},"categories":[257,439],"tags":[],"class_list":["post-121587","post","type-post","status-publish","format-standard","has-post-thumbnail","hentry","category-esporte","category-ultima-hora"],"_links":{"self":[{"href":"https:\/\/diarioregionaldigital.com.br\/index.php?rest_route=\/wp\/v2\/posts\/121587","targetHints":{"allow":["GET"]}}],"collection":[{"href":"https:\/\/diarioregionaldigital.com.br\/index.php?rest_route=\/wp\/v2\/posts"}],"about":[{"href":"https:\/\/diarioregionaldigital.com.br\/index.php?rest_route=\/wp\/v2\/types\/post"}],"author":[{"embeddable":true,"href":"https:\/\/diarioregionaldigital.com.br\/index.php?rest_route=\/wp\/v2\/users\/96"}],"replies":[{"embeddable":true,"href":"https:\/\/diarioregionaldigital.com.br\/index.php?rest_route=%2Fwp%2Fv2%2Fcomments&post=121587"}],"version-history":[{"count":0,"href":"https:\/\/diarioregionaldigital.com.br\/index.php?rest_route=\/wp\/v2\/posts\/121587\/revisions"}],"wp:featuredmedia":[{"embeddable":true,"href":"https:\/\/diarioregionaldigital.com.br\/index.php?rest_route=\/wp\/v2\/media\/121588"}],"wp:attachment":[{"href":"https:\/\/diarioregionaldigital.com.br\/index.php?rest_route=%2Fwp%2Fv2%2Fmedia&parent=121587"}],"wp:term":[{"taxonomy":"category","embeddable":true,"href":"https:\/\/diarioregionaldigital.com.br\/index.php?rest_route=%2Fwp%2Fv2%2Fcategories&post=121587"},{"taxonomy":"post_tag","embeddable":true,"href":"https:\/\/diarioregionaldigital.com.br\/index.php?rest_route=%2Fwp%2Fv2%2Ftags&post=121587"}],"curies":[{"name":"wp","href":"https:\/\/api.w.org\/{rel}","templated":true}]}}