{"id":121576,"date":"2018-10-04T11:02:36","date_gmt":"2018-10-04T14:02:36","guid":{"rendered":"https:\/\/diarioregionaldigital.com.br\/?p=121576"},"modified":"2018-10-04T11:02:57","modified_gmt":"2018-10-04T14:02:57","slug":"lesionado-marcelo-esta-desconvocado-da-selecao","status":"publish","type":"post","link":"https:\/\/diarioregionaldigital.com.br\/?p=121576","title":{"rendered":"Lesionado, Marcelo est\u00e1 desconvocado da Sele\u00e7\u00e3o"},"content":{"rendered":"<p>O lateral-esquerdo Marcelo foi desconvocado pela comiss\u00e3o t\u00e9cnica da Sele\u00e7\u00e3o Brasileira nesta quarta-feira, 3. O jogador do Real Madrid (ESP) teve uma les\u00e3o na panturrilha direita confirmada por seu clube na \u00faltima sexta-feira, 28.<\/p>\n<p>Ap\u00f3s manter contato com o departamento m\u00e9dico do clube espanhol nos \u00faltimos dias e analisar os exames enviados, Rodrigo Lasmar, m\u00e9dico da Sele\u00e7\u00e3o Brasileira, passou \u00e0 comiss\u00e3o t\u00e9cnica a impossibilidade da participa\u00e7\u00e3o de Marcelo no pr\u00f3ximo per\u00edodo FIFA.<\/p>\n<p>Segundo o coordenador de Sele\u00e7\u00f5es, Edu Gaspar, a comiss\u00e3o t\u00e9cnica definir\u00e1 um nome para ser convocado para a vaga.<\/p>\n<p>Temos uma din\u00e2mica a ser seguida dentro da Sele\u00e7\u00e3o. Primeiro falamos com o Marcelo e desejamos a ele uma r\u00e1pida melhora. Agora precisamos nos reunir e decidir o nome a ser chamado para seguir com os protocolos de convoca\u00e7\u00e3o e libera\u00e7\u00e3o junto ao clube perante a FIFA.<\/p>\n<p>Fonte: CBF<\/p>\n","protected":false},"excerpt":{"rendered":"<p>O lateral-esquerdo Marcelo foi desconvocado pela comiss\u00e3o t\u00e9cnica da Sele\u00e7\u00e3o Brasileira nesta quarta-feira, 3. O jogador do Real Madrid (ESP) teve uma les\u00e3o na panturrilha direita confirmada por seu clube na \u00faltima sexta-feira, 28. Ap\u00f3s manter contato com o departamento m\u00e9dico do clube espanhol nos \u00faltimos dias e analisar os exames enviados, Rodrigo Lasmar, m\u00e9dico [&hellip;]<\/p>\n","protected":false},"author":96,"featured_media":121583,"comment_status":"closed","ping_status":"closed","sticky":false,"template":"","format":"standard","meta":{"footnotes":""},"categories":[257,439],"tags":[],"class_list":["post-121576","post","type-post","status-publish","format-standard","has-post-thumbnail","hentry","category-esporte","category-ultima-hora"],"_links":{"self":[{"href":"https:\/\/diarioregionaldigital.com.br\/index.php?rest_route=\/wp\/v2\/posts\/121576","targetHints":{"allow":["GET"]}}],"collection":[{"href":"https:\/\/diarioregionaldigital.com.br\/index.php?rest_route=\/wp\/v2\/posts"}],"about":[{"href":"https:\/\/diarioregionaldigital.com.br\/index.php?rest_route=\/wp\/v2\/types\/post"}],"author":[{"embeddable":true,"href":"https:\/\/diarioregionaldigital.com.br\/index.php?rest_route=\/wp\/v2\/users\/96"}],"replies":[{"embeddable":true,"href":"https:\/\/diarioregionaldigital.com.br\/index.php?rest_route=%2Fwp%2Fv2%2Fcomments&post=121576"}],"version-history":[{"count":0,"href":"https:\/\/diarioregionaldigital.com.br\/index.php?rest_route=\/wp\/v2\/posts\/121576\/revisions"}],"wp:featuredmedia":[{"embeddable":true,"href":"https:\/\/diarioregionaldigital.com.br\/index.php?rest_route=\/wp\/v2\/media\/121583"}],"wp:attachment":[{"href":"https:\/\/diarioregionaldigital.com.br\/index.php?rest_route=%2Fwp%2Fv2%2Fmedia&parent=121576"}],"wp:term":[{"taxonomy":"category","embeddable":true,"href":"https:\/\/diarioregionaldigital.com.br\/index.php?rest_route=%2Fwp%2Fv2%2Fcategories&post=121576"},{"taxonomy":"post_tag","embeddable":true,"href":"https:\/\/diarioregionaldigital.com.br\/index.php?rest_route=%2Fwp%2Fv2%2Ftags&post=121576"}],"curies":[{"name":"wp","href":"https:\/\/api.w.org\/{rel}","templated":true}]}}